{"id":793,"date":"2019-03-11T12:00:52","date_gmt":"2019-03-11T11:00:52","guid":{"rendered":"http:\/\/www.fribourgnetwork.ch\/les-fleurons-fribourgeois-de-migros\/"},"modified":"2019-03-11T12:00:52","modified_gmt":"2019-03-11T11:00:52","slug":"les-fleurons-fribourgeois-de-migros","status":"publish","type":"post","link":"https:\/\/www.fribourg.swiss\/en\/les-fleurons-fribourgeois-de-migros\/","title":{"rendered":"LES FLEURONS FRIBOURGEOIS DE MIGROS"},"content":{"rendered":"<div class=\"wpb-content-wrapper\"><p>[vc_row el_class=&#8221;pt-0&#8243;][vc_column][vc_row_inner][vc_column_inner width=&#8221;2\/12&#8243;][\/vc_column_inner][vc_column_inner width=&#8221;10\/12&#8243;]<div class=\"titre article\">LES FLEURONS FRIBOURGEOIS DE MIGROS<\/div><div class=\"sous-titre\"><\/div>[\/vc_column_inner][\/vc_row_inner][\/vc_column][\/vc_row][vc_row el_class=&#8221;pt-0&#8243;][vc_column][vc_row_inner][vc_column_inner width=&#8221;2\/12&#8243;][\/vc_column_inner][vc_column_inner width=&#8221;10\/12&#8243;][vc_single_image image=&#8221;558&#8243; img_size=&#8221;full&#8221;][vc_column_text][\/vc_column_text][\/vc_column_inner][\/vc_row_inner][\/vc_column][\/vc_row][vc_row el_class=&#8221;pt-0&#8243;][vc_column][vc_row_inner][vc_column_inner width=&#8221;2\/12&#8243;][\/vc_column_inner][vc_column_inner width=&#8221;5\/12&#8243;][vc_column_text]<strong>C\u2019est un mastodonte de l\u2019industrie helv\u00e9tique. M-Industrie, qui appartient au groupe Migros, compte parmi les principaux acteurs mondiaux de la production de marchandises destin\u00e9es \u00e0 \u00eatre \u00e9coul\u00e9es sous marque de distributeur. Plus de 20 000 articles diff\u00e9rents \u2013 food et non-food \u2013 sont fabriqu\u00e9s sur ses 33 sites, dont 24 sont situ\u00e9s en terre helv\u00e9tique. Sans surprise, Fribourg se taille la part du lion : le canton h\u00e9berge quatre des soci\u00e9t\u00e9s M-Industrie. Bas\u00e9e \u00e0 Courtepin, o\u00f9 elle emploie pr\u00e8s de 1400 collaborateurs, Micarna est la premi\u00e8re productrice suisse de viande, volaille et seafood. Du c\u00f4t\u00e9 d\u2019Ursy, l\u2019entreprise Mifroma est sp\u00e9cialis\u00e9e dans l\u2019affinage et le conditionnement des fromages. Toujours dans la branche laiti\u00e8re, la soci\u00e9t\u00e9 ELSA \u2013 qui forme avec Mifroma le groupe ELSA-Mifroma \u2013 est la plus grande laiterie de Suisse sur un seul site. Elle produit \u00e0 Estavayer-le-Lac un vaste assortiment de laits, yaourts, cr\u00e8mes et fromages frais.<\/strong>[\/vc_column_text]<div class='row'><div class='col-lg-12 module-buttons desktop'><a href='www.mindustry.com ' class='button' target='_blank'>www.mindustry.com <\/a><br \/><a href='www.elsa-mifroma.ch ' class='button' target='_blank'>www.elsa-mifroma.ch <\/a><br \/><a href='www.sushimania.ch' class='button' target='_blank'>www.sushimania.ch<\/a><br \/><\/div><\/div>[\/vc_column_inner][vc_column_inner width=&#8221;5\/12&#8243;][vc_column_text]<\/p>\n<p class=\"p1\"><span class=\"s1\">Le \u00ab petit dernier \u00bb d\u2019ELSA ? Un lait \u00e0 la fois tr\u00e8s riche en prot\u00e9ines, pauvre en graisse et exempt de lactose. \u00ab Les prot\u00e9ines sont un outil tr\u00e8s int\u00e9ressant pour aider \u00e0 r\u00e9guler les apports en sucres \u00bb, pr\u00e9cise Matthew Robin, directeur d\u2019ELSA-Mifroma. Dans le cas sp\u00e9cifique du lait pauvre en mati\u00e8re grasse, l\u2019ajout de prot\u00e9ines pr\u00e9sente en outre l\u2019avantage de \u00ab donner une belle texture \u00bb. Reste que la mise au point de ce produit a constitu\u00e9 un processus \u00ab complexe, qui a n\u00e9cessit\u00e9 toute la comp\u00e9tence de nos \u00e9quipes \u00bb.<\/span><\/p>\n<p class=\"p1\"><span class=\"s1\">Depuis 2016, M-Industrie peut par ailleurs compter sur le savoir-faire exotique des collaborateurs de Sushi Mania. La soci\u00e9t\u00e9, fond\u00e9e \u00e0 Vuadens par Marc Durst, confectionne plus de 36 000 sushis par jour, des futo-makis aux sashimis, en passant par les nigiris. \u00ab Le champ d\u2019exp\u00e9rimentation est infini ! \u00bb s\u2019\u00e9merveille Marc Durst. Les fid\u00e8les clients de Sushi Mania ont ainsi d\u00e9j\u00e0 eu l\u2019occasion de d\u00e9guster des sushis aux fruits, au chocolat, au canard et m\u00eame \u00e0 la merguez. Rien que pour la succursale lausannoise de Globus, l\u2019enseigne haut de gamme de Migros, \u00ab nous inventons dix nouvelles sortes de sushis par mois \u00bb. Si de nos jours, en Europe, \u00ab presque tout le monde sait ce qu\u2019est un sushi, tout le monde n\u2019est pas encore pr\u00eat \u00e0 y go\u00fbter \u00bb, constate le gastronome. \u00ab Notre potentiel de croissance est donc encore important. \u00bb<\/span><\/p>\n<h2 class=\"p1\"><span class=\"s1\">Compl\u00e9ment d\u2019article:\u00a0<\/span><span class=\"s1\">DES SUSHIS AU FROMAGE<\/span><\/h2>\n<p class=\"p3\"><span class=\"s1\">Dans l\u2019imaginaire collectif, sushi rime avec riz et poisson cru. Mais m\u00eame au Japon, le pays d\u2019origine de ce mets aussi d\u00e9licieux que sain, \u00ables d\u00e9clinaisons sont innombrables\u00bb, explique Marc Durst, le directeur de la soci\u00e9t\u00e9 fribourgeoise Sushi Mania. \u00abLe tout premier livre de recettes que j\u2019ai achet\u00e9 au Japon contenait notamment des sushis \u00e0 la tomate, \u00e0 l\u2019endive et au b\u0153uf.\u00bb Il y a 20 ans, lorsque l\u2019entreprise en \u00e9tait \u00e0 ses d\u00e9buts, \u00abnous avons \u00e9t\u00e9 engag\u00e9s en tant que service traiteur lors d\u2019un concert de Stephan Eicher en Valais\u00bb. Pour coller avec l\u2019ambiance et la r\u00e9gion, l\u2019\u00e9quipe de Sushi Mania n\u2019a pas h\u00e9sit\u00e9 \u00e0 confectionner des sushis au fromage, qu\u2019elle a dispos\u00e9s sur des planches en bois, fa\u00e7on terroir suisse. \u00abEn d\u00e9but de soir\u00e9e, les gens \u00e9taient quelque peu sceptiques. Mais en fin de soir\u00e9e, les planches \u00e9taient vides!\u00bb<\/span><\/p>\n<p>[\/vc_column_text][vc_column_text]<strong>Des tests instructifs<\/strong><br \/>\nChez JPF Entreprise G\u00e9n\u00e9rale SA et JPF-Ducret SA, en charge de la partie technique, on applaudit le r\u00e9sultat final, fruit d\u2019une collaboration fructueuse et vecteur d\u2019exp\u00e9rimentations. \u00ab\u00a0Par exemple, la pose de diff\u00e9rents types de dalles et de chapes nous donne l\u2019opportunit\u00e9 de proc\u00e9der \u00e0 des tests particuli\u00e8rement instructifs au niveau statique, thermique ou encore acoustique\u00a0\u00bb, note Jacques Pasquier. Le directeur envisage d\u00e9sormais la commercialisation de ce concept de modularit\u00e9 prometteur, r\u00e9pondant \u00e0 des normes \u00e9lev\u00e9es en termes de qualit\u00e9, de confort et de durabilit\u00e9.[\/vc_column_text]<div class='row'><div class='col-lg-12 module-buttons mobile'><a href='https:\/\/www.bluefactory.ch' class='button' target='_blank'>www.bluefactory.ch<\/a><br \/><a href='https:\/\/www.enoki.ch' class='button' target='_blank'>www.enoki.ch<\/a><br \/><a href='https:\/\/www.jpf.ch' class='button' target='_blank'>www.jpf.ch<\/a><br \/><\/div><\/div>[\/vc_column_inner][\/vc_row_inner][\/vc_column][\/vc_row]<\/p>\n<\/div>","protected":false},"excerpt":{"rendered":"<p>[vc_row el_class=&#8221;pt-0&#8243;][vc_column][vc_row_inner][vc_column_inner width=&#8221;2\/12&#8243;][\/vc_column_inner][vc_column_inner width=&#8221;10\/12&#8243;][\/vc_column_inner][\/vc_row_inner][\/vc_column][\/vc_row][vc_row el_class=&#8221;pt-0&#8243;][vc_column][vc_row_inner][vc_column_inner width=&#8221;2\/12&#8243;][\/vc_column_inner][vc_column_inner width=&#8221;10\/12&#8243;][vc_single_image image=&#8221;558&#8243; img_size=&#8221;full&#8221;][vc_column_text][\/vc_column_text][\/vc_column_inner][\/vc_row_inner][\/vc_column][\/vc_row][vc_row el_class=&#8221;pt-0&#8243;][vc_column][vc_row_inner][vc_column_inner width=&#8221;2\/12&#8243;][\/vc_column_inner][vc_column_inner width=&#8221;5\/12&#8243;][vc_column_text]C\u2019est un mastodonte de l\u2019industrie helv\u00e9tique. M-Industrie, qui appartient au groupe Migros, compte parmi les principaux acteurs mondiaux de la production de marchandises destin\u00e9es \u00e0 \u00eatre \u00e9coul\u00e9es sous marque de distributeur. Plus de 20 000 articles diff\u00e9rents \u2013 food et non-food \u2013 sont fabriqu\u00e9s [&hellip;]<\/p>\n","protected":false},"author":1,"featured_media":559,"comment_status":"closed","ping_status":"closed","sticky":false,"template":"","format":"standard","meta":{"_acf_changed":false,"footnotes":""},"categories":[1],"tags":[],"class_list":["post-793","post","type-post","status-publish","format-standard","hentry","category-video"],"acf":[],"yoast_head":"<!-- This site is optimized with the Yoast SEO plugin v26.9 - https:\/\/yoast.com\/product\/yoast-seo-wordpress\/ -->\n<title>LES FLEURONS FRIBOURGEOIS DE MIGROS | fribourg.swiss<\/title>\n<meta name=\"robots\" content=\"index, follow, max-snippet:-1, max-image-preview:large, max-video-preview:-1\" \/>\n<link rel=\"canonical\" href=\"https:\/\/www.fribourg.swiss\/en\/les-fleurons-fribourgeois-de-migros\/\" \/>\n<meta property=\"og:locale\" content=\"en_US\" \/>\n<meta property=\"og:type\" content=\"article\" \/>\n<meta property=\"og:title\" content=\"LES FLEURONS FRIBOURGEOIS DE MIGROS | fribourg.swiss\" \/>\n<meta property=\"og:description\" content=\"[vc_row el_class=&#8221;pt-0&#8243;][vc_column][vc_row_inner][vc_column_inner width=&#8221;2\/12&#8243;][\/vc_column_inner][vc_column_inner width=&#8221;10\/12&#8243;][\/vc_column_inner][\/vc_row_inner][\/vc_column][\/vc_row][vc_row el_class=&#8221;pt-0&#8243;][vc_column][vc_row_inner][vc_column_inner width=&#8221;2\/12&#8243;][\/vc_column_inner][vc_column_inner width=&#8221;10\/12&#8243;][vc_single_image image=&#8221;558&#8243; img_size=&#8221;full&#8221;][vc_column_text][\/vc_column_text][\/vc_column_inner][\/vc_row_inner][\/vc_column][\/vc_row][vc_row el_class=&#8221;pt-0&#8243;][vc_column][vc_row_inner][vc_column_inner width=&#8221;2\/12&#8243;][\/vc_column_inner][vc_column_inner width=&#8221;5\/12&#8243;][vc_column_text]C\u2019est un mastodonte de l\u2019industrie helv\u00e9tique. M-Industrie, qui appartient au groupe Migros, compte parmi les principaux acteurs mondiaux de la production de marchandises destin\u00e9es \u00e0 \u00eatre \u00e9coul\u00e9es sous marque de distributeur. Plus de 20 000 articles diff\u00e9rents \u2013 food et non-food \u2013 sont fabriqu\u00e9s [&hellip;]\" \/>\n<meta property=\"og:url\" content=\"https:\/\/www.fribourg.swiss\/en\/les-fleurons-fribourgeois-de-migros\/\" \/>\n<meta property=\"og:site_name\" content=\"fribourg.swiss\" \/>\n<meta property=\"article:published_time\" content=\"2019-03-11T11:00:52+00:00\" \/>\n<meta property=\"og:image\" content=\"https:\/\/www.fribourg.swiss\/wp-content\/uploads\/2022\/08\/Micarna-Mifroma-Sushi-Mania-ELSA.jpeg\" \/>\n\t<meta property=\"og:image:width\" content=\"1022\" \/>\n\t<meta property=\"og:image:height\" content=\"686\" \/>\n\t<meta property=\"og:image:type\" content=\"image\/jpeg\" \/>\n<meta name=\"author\" content=\"admin\" \/>\n<meta name=\"twitter:card\" content=\"summary_large_image\" \/>\n<meta name=\"twitter:label1\" content=\"Written by\" \/>\n\t<meta name=\"twitter:data1\" content=\"admin\" \/>\n\t<meta name=\"twitter:label2\" content=\"Est. reading time\" \/>\n\t<meta name=\"twitter:data2\" content=\"5 minutes\" \/>\n<script type=\"application\/ld+json\" class=\"yoast-schema-graph\">{\"@context\":\"https:\/\/schema.org\",\"@graph\":[{\"@type\":\"Article\",\"@id\":\"https:\/\/www.fribourg.swiss\/en\/les-fleurons-fribourgeois-de-migros\/#article\",\"isPartOf\":{\"@id\":\"https:\/\/www.fribourg.swiss\/en\/les-fleurons-fribourgeois-de-migros\/\"},\"author\":{\"name\":\"admin\",\"@id\":\"https:\/\/www.fribourg.swiss\/en\/#\/schema\/person\/226f4a502830354007a9cd73ee48e0e0\"},\"headline\":\"LES FLEURONS FRIBOURGEOIS DE MIGROS\",\"datePublished\":\"2019-03-11T11:00:52+00:00\",\"mainEntityOfPage\":{\"@id\":\"https:\/\/www.fribourg.swiss\/en\/les-fleurons-fribourgeois-de-migros\/\"},\"wordCount\":937,\"publisher\":{\"@id\":\"https:\/\/www.fribourg.swiss\/en\/#organization\"},\"image\":{\"@id\":\"https:\/\/www.fribourg.swiss\/en\/les-fleurons-fribourgeois-de-migros\/#primaryimage\"},\"thumbnailUrl\":\"https:\/\/www.fribourg.swiss\/wp-content\/uploads\/2022\/08\/Micarna-Mifroma-Sushi-Mania-ELSA.jpeg\",\"articleSection\":[\"Vid\u00e9o\"],\"inLanguage\":\"en-US\"},{\"@type\":\"WebPage\",\"@id\":\"https:\/\/www.fribourg.swiss\/en\/les-fleurons-fribourgeois-de-migros\/\",\"url\":\"https:\/\/www.fribourg.swiss\/en\/les-fleurons-fribourgeois-de-migros\/\",\"name\":\"LES FLEURONS FRIBOURGEOIS DE MIGROS | fribourg.swiss\",\"isPartOf\":{\"@id\":\"https:\/\/www.fribourg.swiss\/en\/#website\"},\"primaryImageOfPage\":{\"@id\":\"https:\/\/www.fribourg.swiss\/en\/les-fleurons-fribourgeois-de-migros\/#primaryimage\"},\"image\":{\"@id\":\"https:\/\/www.fribourg.swiss\/en\/les-fleurons-fribourgeois-de-migros\/#primaryimage\"},\"thumbnailUrl\":\"https:\/\/www.fribourg.swiss\/wp-content\/uploads\/2022\/08\/Micarna-Mifroma-Sushi-Mania-ELSA.jpeg\",\"datePublished\":\"2019-03-11T11:00:52+00:00\",\"breadcrumb\":{\"@id\":\"https:\/\/www.fribourg.swiss\/en\/les-fleurons-fribourgeois-de-migros\/#breadcrumb\"},\"inLanguage\":\"en-US\",\"potentialAction\":[{\"@type\":\"ReadAction\",\"target\":[\"https:\/\/www.fribourg.swiss\/en\/les-fleurons-fribourgeois-de-migros\/\"]}]},{\"@type\":\"ImageObject\",\"inLanguage\":\"en-US\",\"@id\":\"https:\/\/www.fribourg.swiss\/en\/les-fleurons-fribourgeois-de-migros\/#primaryimage\",\"url\":\"https:\/\/www.fribourg.swiss\/wp-content\/uploads\/2022\/08\/Micarna-Mifroma-Sushi-Mania-ELSA.jpeg\",\"contentUrl\":\"https:\/\/www.fribourg.swiss\/wp-content\/uploads\/2022\/08\/Micarna-Mifroma-Sushi-Mania-ELSA.jpeg\",\"width\":1022,\"height\":686},{\"@type\":\"BreadcrumbList\",\"@id\":\"https:\/\/www.fribourg.swiss\/en\/les-fleurons-fribourgeois-de-migros\/#breadcrumb\",\"itemListElement\":[{\"@type\":\"ListItem\",\"position\":1,\"name\":\"Accueil\",\"item\":\"https:\/\/www.fribourg.swiss\/en\/\"},{\"@type\":\"ListItem\",\"position\":2,\"name\":\"LES FLEURONS FRIBOURGEOIS DE MIGROS\"}]},{\"@type\":\"WebSite\",\"@id\":\"https:\/\/www.fribourg.swiss\/en\/#website\",\"url\":\"https:\/\/www.fribourg.swiss\/en\/\",\"name\":\"fribourg.swiss\",\"description\":\"The place to grow\",\"publisher\":{\"@id\":\"https:\/\/www.fribourg.swiss\/en\/#organization\"},\"potentialAction\":[{\"@type\":\"SearchAction\",\"target\":{\"@type\":\"EntryPoint\",\"urlTemplate\":\"https:\/\/www.fribourg.swiss\/en\/?s={search_term_string}\"},\"query-input\":{\"@type\":\"PropertyValueSpecification\",\"valueRequired\":true,\"valueName\":\"search_term_string\"}}],\"inLanguage\":\"en-US\"},{\"@type\":\"Organization\",\"@id\":\"https:\/\/www.fribourg.swiss\/en\/#organization\",\"name\":\"Fribourg Network Freiburg\",\"url\":\"https:\/\/www.fribourg.swiss\/en\/\",\"logo\":{\"@type\":\"ImageObject\",\"inLanguage\":\"en-US\",\"@id\":\"https:\/\/www.fribourg.swiss\/en\/#\/schema\/logo\/image\/\",\"url\":\"https:\/\/www.fribourgnetwork.ch\/wp-content\/uploads\/2022\/08\/logo.png\",\"contentUrl\":\"https:\/\/www.fribourgnetwork.ch\/wp-content\/uploads\/2022\/08\/logo.png\",\"width\":270,\"height\":140,\"caption\":\"Fribourg Network Freiburg\"},\"image\":{\"@id\":\"https:\/\/www.fribourg.swiss\/en\/#\/schema\/logo\/image\/\"}},{\"@type\":\"Person\",\"@id\":\"https:\/\/www.fribourg.swiss\/en\/#\/schema\/person\/226f4a502830354007a9cd73ee48e0e0\",\"name\":\"admin\",\"image\":{\"@type\":\"ImageObject\",\"inLanguage\":\"en-US\",\"@id\":\"https:\/\/www.fribourg.swiss\/en\/#\/schema\/person\/image\/\",\"url\":\"https:\/\/secure.gravatar.com\/avatar\/c3ac499a4889e1320f05a4ae092744c50a82953557bffb65b75e7594f0653ea9?s=96&d=mm&r=g\",\"contentUrl\":\"https:\/\/secure.gravatar.com\/avatar\/c3ac499a4889e1320f05a4ae092744c50a82953557bffb65b75e7594f0653ea9?s=96&d=mm&r=g\",\"caption\":\"admin\"},\"sameAs\":[\"http:\/\/localhost:7314\"]}]}<\/script>\n<!-- \/ Yoast SEO plugin. -->","yoast_head_json":{"title":"LES FLEURONS FRIBOURGEOIS DE MIGROS | fribourg.swiss","robots":{"index":"index","follow":"follow","max-snippet":"max-snippet:-1","max-image-preview":"max-image-preview:large","max-video-preview":"max-video-preview:-1"},"canonical":"https:\/\/www.fribourg.swiss\/en\/les-fleurons-fribourgeois-de-migros\/","og_locale":"en_US","og_type":"article","og_title":"LES FLEURONS FRIBOURGEOIS DE MIGROS | fribourg.swiss","og_description":"[vc_row el_class=&#8221;pt-0&#8243;][vc_column][vc_row_inner][vc_column_inner width=&#8221;2\/12&#8243;][\/vc_column_inner][vc_column_inner width=&#8221;10\/12&#8243;][\/vc_column_inner][\/vc_row_inner][\/vc_column][\/vc_row][vc_row el_class=&#8221;pt-0&#8243;][vc_column][vc_row_inner][vc_column_inner width=&#8221;2\/12&#8243;][\/vc_column_inner][vc_column_inner width=&#8221;10\/12&#8243;][vc_single_image image=&#8221;558&#8243; img_size=&#8221;full&#8221;][vc_column_text][\/vc_column_text][\/vc_column_inner][\/vc_row_inner][\/vc_column][\/vc_row][vc_row el_class=&#8221;pt-0&#8243;][vc_column][vc_row_inner][vc_column_inner width=&#8221;2\/12&#8243;][\/vc_column_inner][vc_column_inner width=&#8221;5\/12&#8243;][vc_column_text]C\u2019est un mastodonte de l\u2019industrie helv\u00e9tique. M-Industrie, qui appartient au groupe Migros, compte parmi les principaux acteurs mondiaux de la production de marchandises destin\u00e9es \u00e0 \u00eatre \u00e9coul\u00e9es sous marque de distributeur. Plus de 20 000 articles diff\u00e9rents \u2013 food et non-food \u2013 sont fabriqu\u00e9s [&hellip;]","og_url":"https:\/\/www.fribourg.swiss\/en\/les-fleurons-fribourgeois-de-migros\/","og_site_name":"fribourg.swiss","article_published_time":"2019-03-11T11:00:52+00:00","og_image":[{"width":1022,"height":686,"url":"https:\/\/www.fribourg.swiss\/wp-content\/uploads\/2022\/08\/Micarna-Mifroma-Sushi-Mania-ELSA.jpeg","type":"image\/jpeg"}],"author":"admin","twitter_card":"summary_large_image","twitter_misc":{"Written by":"admin","Est. reading time":"5 minutes"},"schema":{"@context":"https:\/\/schema.org","@graph":[{"@type":"Article","@id":"https:\/\/www.fribourg.swiss\/en\/les-fleurons-fribourgeois-de-migros\/#article","isPartOf":{"@id":"https:\/\/www.fribourg.swiss\/en\/les-fleurons-fribourgeois-de-migros\/"},"author":{"name":"admin","@id":"https:\/\/www.fribourg.swiss\/en\/#\/schema\/person\/226f4a502830354007a9cd73ee48e0e0"},"headline":"LES FLEURONS FRIBOURGEOIS DE MIGROS","datePublished":"2019-03-11T11:00:52+00:00","mainEntityOfPage":{"@id":"https:\/\/www.fribourg.swiss\/en\/les-fleurons-fribourgeois-de-migros\/"},"wordCount":937,"publisher":{"@id":"https:\/\/www.fribourg.swiss\/en\/#organization"},"image":{"@id":"https:\/\/www.fribourg.swiss\/en\/les-fleurons-fribourgeois-de-migros\/#primaryimage"},"thumbnailUrl":"https:\/\/www.fribourg.swiss\/wp-content\/uploads\/2022\/08\/Micarna-Mifroma-Sushi-Mania-ELSA.jpeg","articleSection":["Vid\u00e9o"],"inLanguage":"en-US"},{"@type":"WebPage","@id":"https:\/\/www.fribourg.swiss\/en\/les-fleurons-fribourgeois-de-migros\/","url":"https:\/\/www.fribourg.swiss\/en\/les-fleurons-fribourgeois-de-migros\/","name":"LES FLEURONS FRIBOURGEOIS DE MIGROS | fribourg.swiss","isPartOf":{"@id":"https:\/\/www.fribourg.swiss\/en\/#website"},"primaryImageOfPage":{"@id":"https:\/\/www.fribourg.swiss\/en\/les-fleurons-fribourgeois-de-migros\/#primaryimage"},"image":{"@id":"https:\/\/www.fribourg.swiss\/en\/les-fleurons-fribourgeois-de-migros\/#primaryimage"},"thumbnailUrl":"https:\/\/www.fribourg.swiss\/wp-content\/uploads\/2022\/08\/Micarna-Mifroma-Sushi-Mania-ELSA.jpeg","datePublished":"2019-03-11T11:00:52+00:00","breadcrumb":{"@id":"https:\/\/www.fribourg.swiss\/en\/les-fleurons-fribourgeois-de-migros\/#breadcrumb"},"inLanguage":"en-US","potentialAction":[{"@type":"ReadAction","target":["https:\/\/www.fribourg.swiss\/en\/les-fleurons-fribourgeois-de-migros\/"]}]},{"@type":"ImageObject","inLanguage":"en-US","@id":"https:\/\/www.fribourg.swiss\/en\/les-fleurons-fribourgeois-de-migros\/#primaryimage","url":"https:\/\/www.fribourg.swiss\/wp-content\/uploads\/2022\/08\/Micarna-Mifroma-Sushi-Mania-ELSA.jpeg","contentUrl":"https:\/\/www.fribourg.swiss\/wp-content\/uploads\/2022\/08\/Micarna-Mifroma-Sushi-Mania-ELSA.jpeg","width":1022,"height":686},{"@type":"BreadcrumbList","@id":"https:\/\/www.fribourg.swiss\/en\/les-fleurons-fribourgeois-de-migros\/#breadcrumb","itemListElement":[{"@type":"ListItem","position":1,"name":"Accueil","item":"https:\/\/www.fribourg.swiss\/en\/"},{"@type":"ListItem","position":2,"name":"LES FLEURONS FRIBOURGEOIS DE MIGROS"}]},{"@type":"WebSite","@id":"https:\/\/www.fribourg.swiss\/en\/#website","url":"https:\/\/www.fribourg.swiss\/en\/","name":"fribourg.swiss","description":"The place to grow","publisher":{"@id":"https:\/\/www.fribourg.swiss\/en\/#organization"},"potentialAction":[{"@type":"SearchAction","target":{"@type":"EntryPoint","urlTemplate":"https:\/\/www.fribourg.swiss\/en\/?s={search_term_string}"},"query-input":{"@type":"PropertyValueSpecification","valueRequired":true,"valueName":"search_term_string"}}],"inLanguage":"en-US"},{"@type":"Organization","@id":"https:\/\/www.fribourg.swiss\/en\/#organization","name":"Fribourg Network Freiburg","url":"https:\/\/www.fribourg.swiss\/en\/","logo":{"@type":"ImageObject","inLanguage":"en-US","@id":"https:\/\/www.fribourg.swiss\/en\/#\/schema\/logo\/image\/","url":"https:\/\/www.fribourgnetwork.ch\/wp-content\/uploads\/2022\/08\/logo.png","contentUrl":"https:\/\/www.fribourgnetwork.ch\/wp-content\/uploads\/2022\/08\/logo.png","width":270,"height":140,"caption":"Fribourg Network Freiburg"},"image":{"@id":"https:\/\/www.fribourg.swiss\/en\/#\/schema\/logo\/image\/"}},{"@type":"Person","@id":"https:\/\/www.fribourg.swiss\/en\/#\/schema\/person\/226f4a502830354007a9cd73ee48e0e0","name":"admin","image":{"@type":"ImageObject","inLanguage":"en-US","@id":"https:\/\/www.fribourg.swiss\/en\/#\/schema\/person\/image\/","url":"https:\/\/secure.gravatar.com\/avatar\/c3ac499a4889e1320f05a4ae092744c50a82953557bffb65b75e7594f0653ea9?s=96&d=mm&r=g","contentUrl":"https:\/\/secure.gravatar.com\/avatar\/c3ac499a4889e1320f05a4ae092744c50a82953557bffb65b75e7594f0653ea9?s=96&d=mm&r=g","caption":"admin"},"sameAs":["http:\/\/localhost:7314"]}]}},"_links":{"self":[{"href":"https:\/\/www.fribourg.swiss\/en\/wp-json\/wp\/v2\/posts\/793","targetHints":{"allow":["GET"]}}],"collection":[{"href":"https:\/\/www.fribourg.swiss\/en\/wp-json\/wp\/v2\/posts"}],"about":[{"href":"https:\/\/www.fribourg.swiss\/en\/wp-json\/wp\/v2\/types\/post"}],"author":[{"embeddable":true,"href":"https:\/\/www.fribourg.swiss\/en\/wp-json\/wp\/v2\/users\/1"}],"replies":[{"embeddable":true,"href":"https:\/\/www.fribourg.swiss\/en\/wp-json\/wp\/v2\/comments?post=793"}],"version-history":[{"count":0,"href":"https:\/\/www.fribourg.swiss\/en\/wp-json\/wp\/v2\/posts\/793\/revisions"}],"wp:featuredmedia":[{"embeddable":true,"href":"https:\/\/www.fribourg.swiss\/en\/wp-json\/wp\/v2\/media\/559"}],"wp:attachment":[{"href":"https:\/\/www.fribourg.swiss\/en\/wp-json\/wp\/v2\/media?parent=793"}],"wp:term":[{"taxonomy":"category","embeddable":true,"href":"https:\/\/www.fribourg.swiss\/en\/wp-json\/wp\/v2\/categories?post=793"},{"taxonomy":"post_tag","embeddable":true,"href":"https:\/\/www.fribourg.swiss\/en\/wp-json\/wp\/v2\/tags?post=793"}],"curies":[{"name":"wp","href":"https:\/\/api.w.org\/{rel}","templated":true}]}}