{"id":580,"date":"2019-03-11T12:01:10","date_gmt":"2019-03-11T11:01:10","guid":{"rendered":"http:\/\/www.fribourgnetwork.ch\/le-futur-commence-a-la-ferme\/"},"modified":"2022-08-16T08:47:21","modified_gmt":"2022-08-16T06:47:21","slug":"le-futur-commence-a-la-ferme","status":"publish","type":"post","link":"https:\/\/www.fribourg.swiss\/en\/le-futur-commence-a-la-ferme\/","title":{"rendered":"LE FUTUR COMMENCE \u00c0 LA FERME"},"content":{"rendered":"<div class=\"wpb-content-wrapper\"><p>[vc_row el_class=&#8221;pt-0&#8243;][vc_column][vc_row_inner][vc_column_inner width=&#8221;2\/12&#8243;][\/vc_column_inner][vc_column_inner width=&#8221;10\/12&#8243;]<div class=\"titre article\">LE FUTUR COMMENCE \u00c0 LA FERME<\/div><div class=\"sous-titre\">GUTKNECHT GEM\u00dcSE | <span class=\"date\">11.03.2019<\/span><\/div>[\/vc_column_inner][\/vc_row_inner][\/vc_column][\/vc_row][vc_row el_class=&#8221;pt-0&#8243;][vc_column][vc_row_inner][vc_column_inner width=&#8221;2\/12&#8243;][\/vc_column_inner][vc_column_inner width=&#8221;10\/12&#8243;][vc_single_image image=&#8221;572&#8243; img_size=&#8221;full&#8221;][vc_column_text][\/vc_column_text][\/vc_column_inner][\/vc_row_inner][\/vc_column][\/vc_row][vc_row el_class=&#8221;pt-0&#8243;][vc_column][vc_row_inner][vc_column_inner width=&#8221;2\/12&#8243;][\/vc_column_inner][vc_column_inner width=&#8221;5\/12&#8243;][vc_column_text]<strong>Pascal Gutknecht aime la nouveaut\u00e9. Il y a 17 ans, son entreprise familiale fusionnait avec deux autres fermes. A pr\u00e9sent, lui et ses deux copropri\u00e9taires emploient 80 personnes, produisent des l\u00e9gumes en grande quantit\u00e9 et sont sp\u00e9cialis\u00e9s dans les march\u00e9s de niche.<\/strong>[\/vc_column_text]<div class='row'><div class='col-lg-12 module-buttons desktop'><a href='www.gutknecht-gemuese.ch' class='button' target='_blank'>www.gutknecht-gemuese.ch<\/a><br \/><\/div><\/div>[\/vc_column_inner][vc_column_inner width=&#8221;5\/12&#8243;][vc_column_text]<\/p>\n<p class=\"p1\"><span class=\"s1\">La nouveaut\u00e9, nos clients peuvent aussi la tester au quotidien dans notre magasin de la ferme \u00bb, explique le mara\u00eecher. Dans la boutique au design attrayant, des vari\u00e9t\u00e9s insolites de piments, de radis ou d\u2019aubergines sont toujours propos\u00e9es. L\u2019ann\u00e9e derni\u00e8re, les acheteurs ont test\u00e9 pas moins de 29 sortes de tomates diff\u00e9rentes. Ils peuvent ainsi d\u00e9couvrir de nouvelles saveurs, proposant parfois directement \u00e0 l\u2019agriculteur d\u2019inclure l\u2019une ou l\u2019autre vari\u00e9t\u00e9 dans son assortiment. De quoi lui donner de nouvelles id\u00e9es ! Malgr\u00e9 sa situation d\u00e9centralis\u00e9e, le magasin attire chaque jour entre 150 et 200 personnes. Sans parler des commandes pour des cr\u00e8ches ou des restaurants. Mais c\u2019est \u00e0 des grossistes que Pascal Gutknecht livre la majorit\u00e9 de sa production. Gr\u00e2ce \u00e0 son magasin, o\u00f9 les grandes tendances se dessinent clairement, il peut les informer des produits les plus demand\u00e9s.<\/span><\/p>\n<p class=\"p1\"><span class=\"s1\">Le contact direct est important pour le mara\u00eecher, qui organise des visites guid\u00e9es de sa ferme. \u00ab Les gens s\u2019int\u00e9ressent beaucoup \u00e0 la nourriture. Nous sommes un peu comme un restaurant qui vous laisserait l\u2019acc\u00e8s \u00e0 sa cuisine. \u00bb Les visiteurs constatent \u00e9galement l\u2019importance du Seeland (Pays des Trois-Lacs, situ\u00e9 sur les cantons de Berne, Fribourg, Neuch\u00e2tel et Vaud) pour la culture mara\u00eech\u00e8re suisse: pr\u00e8s d\u2019un tiers de la production nationale provient de la r\u00e9gion, qui abrite un nombre \u00e9lev\u00e9 d\u2019exploitations innovantes.<\/span><\/p>\n<p class=\"p1\"><span class=\"s1\">Mais Pascal Gutknecht n\u2019est pas seulement inventif, il est \u00e9galement soucieux de l\u2019environnement. \u00ab Aujourd\u2019hui, nous sommes d\u00e9j\u00e0 pratiquement ind\u00e9pendants en termes d\u2019\u00e9lectricit\u00e9 \u00bb, se f\u00e9licite le jeune agriculteur, qui produit sa propre \u00e9nergie solaire sur une superficie d\u2019environ 3800 m\u00e8tres carr\u00e9s. \u00ab Nous pr\u00e9voyons \u00e9galement la construction d\u2019une centrale \u00e9lectrique \u00e0 copeaux de bois, en collaboration avec des entreprises partenaires et la commune de Chi\u00e8tres. C\u2019est le souhait de Pascal Gutknecht : produire des produits non seulement frais et locaux, mais aussi sans \u00e9missions de CO<\/span><span class=\"s2\">2<\/span><span class=\"s1\">. Le futur commence \u00e0 la ferme.<\/span><\/p>\n<p>[\/vc_column_text][\/vc_column_inner][\/vc_row_inner][\/vc_column][\/vc_row]<\/p>\n<\/div>","protected":false},"excerpt":{"rendered":"<p>[vc_row el_class=&#8221;pt-0&#8243;][vc_column][vc_row_inner][vc_column_inner width=&#8221;2\/12&#8243;][\/vc_column_inner][vc_column_inner width=&#8221;10\/12&#8243;][\/vc_column_inner][\/vc_row_inner][\/vc_column][\/vc_row][vc_row el_class=&#8221;pt-0&#8243;][vc_column][vc_row_inner][vc_column_inner width=&#8221;2\/12&#8243;][\/vc_column_inner][vc_column_inner width=&#8221;10\/12&#8243;][vc_single_image image=&#8221;572&#8243; img_size=&#8221;full&#8221;][vc_column_text][\/vc_column_text][\/vc_column_inner][\/vc_row_inner][\/vc_column][\/vc_row][vc_row el_class=&#8221;pt-0&#8243;][vc_column][vc_row_inner][vc_column_inner width=&#8221;2\/12&#8243;][\/vc_column_inner][vc_column_inner width=&#8221;5\/12&#8243;][vc_column_text]Pascal Gutknecht aime la nouveaut\u00e9. Il y a 17 ans, son entreprise familiale fusionnait avec deux autres fermes. A pr\u00e9sent, lui et ses deux copropri\u00e9taires emploient 80 personnes, produisent des l\u00e9gumes en grande quantit\u00e9 et sont sp\u00e9cialis\u00e9s dans les march\u00e9s de niche.[\/vc_column_text][\/vc_column_inner][vc_column_inner width=&#8221;5\/12&#8243;][vc_column_text] La [&hellip;]<\/p>\n","protected":false},"author":1,"featured_media":573,"comment_status":"closed","ping_status":"closed","sticky":false,"template":"","format":"standard","meta":{"_acf_changed":false,"footnotes":""},"categories":[22,24],"tags":[],"class_list":["post-580","post","type-post","status-publish","format-standard","hentry","category-bioeconomy","category-food"],"acf":[],"yoast_head":"<!-- This site is optimized with the Yoast SEO plugin v26.9 - https:\/\/yoast.com\/product\/yoast-seo-wordpress\/ -->\n<title>LE FUTUR COMMENCE \u00c0 LA FERME | fribourg.swiss<\/title>\n<meta name=\"robots\" content=\"index, follow, max-snippet:-1, max-image-preview:large, max-video-preview:-1\" \/>\n<link rel=\"canonical\" href=\"https:\/\/www.fribourg.swiss\/en\/le-futur-commence-a-la-ferme\/\" \/>\n<meta property=\"og:locale\" content=\"en_US\" \/>\n<meta property=\"og:type\" content=\"article\" \/>\n<meta property=\"og:title\" content=\"LE FUTUR COMMENCE \u00c0 LA FERME | fribourg.swiss\" \/>\n<meta property=\"og:description\" content=\"[vc_row el_class=&#8221;pt-0&#8243;][vc_column][vc_row_inner][vc_column_inner width=&#8221;2\/12&#8243;][\/vc_column_inner][vc_column_inner width=&#8221;10\/12&#8243;][\/vc_column_inner][\/vc_row_inner][\/vc_column][\/vc_row][vc_row el_class=&#8221;pt-0&#8243;][vc_column][vc_row_inner][vc_column_inner width=&#8221;2\/12&#8243;][\/vc_column_inner][vc_column_inner width=&#8221;10\/12&#8243;][vc_single_image image=&#8221;572&#8243; img_size=&#8221;full&#8221;][vc_column_text][\/vc_column_text][\/vc_column_inner][\/vc_row_inner][\/vc_column][\/vc_row][vc_row el_class=&#8221;pt-0&#8243;][vc_column][vc_row_inner][vc_column_inner width=&#8221;2\/12&#8243;][\/vc_column_inner][vc_column_inner width=&#8221;5\/12&#8243;][vc_column_text]Pascal Gutknecht aime la nouveaut\u00e9. Il y a 17 ans, son entreprise familiale fusionnait avec deux autres fermes. A pr\u00e9sent, lui et ses deux copropri\u00e9taires emploient 80 personnes, produisent des l\u00e9gumes en grande quantit\u00e9 et sont sp\u00e9cialis\u00e9s dans les march\u00e9s de niche.[\/vc_column_text][\/vc_column_inner][vc_column_inner width=&#8221;5\/12&#8243;][vc_column_text] La [&hellip;]\" \/>\n<meta property=\"og:url\" content=\"https:\/\/www.fribourg.swiss\/en\/le-futur-commence-a-la-ferme\/\" \/>\n<meta property=\"og:site_name\" content=\"fribourg.swiss\" \/>\n<meta property=\"article:published_time\" content=\"2019-03-11T11:01:10+00:00\" \/>\n<meta property=\"article:modified_time\" content=\"2022-08-16T06:47:21+00:00\" \/>\n<meta property=\"og:image\" content=\"https:\/\/www.fribourg.swiss\/wp-content\/uploads\/2022\/08\/Gutknecht-Gemu\u0308se-696x476-1.jpeg\" \/>\n\t<meta property=\"og:image:width\" content=\"696\" \/>\n\t<meta property=\"og:image:height\" content=\"476\" \/>\n\t<meta property=\"og:image:type\" content=\"image\/jpeg\" \/>\n<meta name=\"author\" content=\"admin\" \/>\n<meta name=\"twitter:card\" content=\"summary_large_image\" \/>\n<meta name=\"twitter:label1\" content=\"Written by\" \/>\n\t<meta name=\"twitter:data1\" content=\"admin\" \/>\n\t<meta name=\"twitter:label2\" content=\"Est. reading time\" \/>\n\t<meta name=\"twitter:data2\" content=\"2 minutes\" \/>\n<script type=\"application\/ld+json\" class=\"yoast-schema-graph\">{\"@context\":\"https:\/\/schema.org\",\"@graph\":[{\"@type\":\"Article\",\"@id\":\"https:\/\/www.fribourg.swiss\/en\/le-futur-commence-a-la-ferme\/#article\",\"isPartOf\":{\"@id\":\"https:\/\/www.fribourg.swiss\/en\/le-futur-commence-a-la-ferme\/\"},\"author\":{\"name\":\"admin\",\"@id\":\"https:\/\/www.fribourg.swiss\/en\/#\/schema\/person\/226f4a502830354007a9cd73ee48e0e0\"},\"headline\":\"LE FUTUR COMMENCE \u00c0 LA FERME\",\"datePublished\":\"2019-03-11T11:01:10+00:00\",\"dateModified\":\"2022-08-16T06:47:21+00:00\",\"mainEntityOfPage\":{\"@id\":\"https:\/\/www.fribourg.swiss\/en\/le-futur-commence-a-la-ferme\/\"},\"wordCount\":547,\"publisher\":{\"@id\":\"https:\/\/www.fribourg.swiss\/en\/#organization\"},\"image\":{\"@id\":\"https:\/\/www.fribourg.swiss\/en\/le-futur-commence-a-la-ferme\/#primaryimage\"},\"thumbnailUrl\":\"https:\/\/www.fribourg.swiss\/wp-content\/uploads\/2022\/08\/Gutknecht-Gemu\u0308se-696x476-1.jpeg\",\"articleSection\":[\"Bioeconomy\",\"Food\"],\"inLanguage\":\"en-US\"},{\"@type\":\"WebPage\",\"@id\":\"https:\/\/www.fribourg.swiss\/en\/le-futur-commence-a-la-ferme\/\",\"url\":\"https:\/\/www.fribourg.swiss\/en\/le-futur-commence-a-la-ferme\/\",\"name\":\"LE FUTUR COMMENCE \u00c0 LA FERME | fribourg.swiss\",\"isPartOf\":{\"@id\":\"https:\/\/www.fribourg.swiss\/en\/#website\"},\"primaryImageOfPage\":{\"@id\":\"https:\/\/www.fribourg.swiss\/en\/le-futur-commence-a-la-ferme\/#primaryimage\"},\"image\":{\"@id\":\"https:\/\/www.fribourg.swiss\/en\/le-futur-commence-a-la-ferme\/#primaryimage\"},\"thumbnailUrl\":\"https:\/\/www.fribourg.swiss\/wp-content\/uploads\/2022\/08\/Gutknecht-Gemu\u0308se-696x476-1.jpeg\",\"datePublished\":\"2019-03-11T11:01:10+00:00\",\"dateModified\":\"2022-08-16T06:47:21+00:00\",\"breadcrumb\":{\"@id\":\"https:\/\/www.fribourg.swiss\/en\/le-futur-commence-a-la-ferme\/#breadcrumb\"},\"inLanguage\":\"en-US\",\"potentialAction\":[{\"@type\":\"ReadAction\",\"target\":[\"https:\/\/www.fribourg.swiss\/en\/le-futur-commence-a-la-ferme\/\"]}]},{\"@type\":\"ImageObject\",\"inLanguage\":\"en-US\",\"@id\":\"https:\/\/www.fribourg.swiss\/en\/le-futur-commence-a-la-ferme\/#primaryimage\",\"url\":\"https:\/\/www.fribourg.swiss\/wp-content\/uploads\/2022\/08\/Gutknecht-Gemu\u0308se-696x476-1.jpeg\",\"contentUrl\":\"https:\/\/www.fribourg.swiss\/wp-content\/uploads\/2022\/08\/Gutknecht-Gemu\u0308se-696x476-1.jpeg\",\"width\":696,\"height\":476},{\"@type\":\"BreadcrumbList\",\"@id\":\"https:\/\/www.fribourg.swiss\/en\/le-futur-commence-a-la-ferme\/#breadcrumb\",\"itemListElement\":[{\"@type\":\"ListItem\",\"position\":1,\"name\":\"Accueil\",\"item\":\"https:\/\/www.fribourg.swiss\/en\/\"},{\"@type\":\"ListItem\",\"position\":2,\"name\":\"LE FUTUR COMMENCE \u00c0 LA FERME\"}]},{\"@type\":\"WebSite\",\"@id\":\"https:\/\/www.fribourg.swiss\/en\/#website\",\"url\":\"https:\/\/www.fribourg.swiss\/en\/\",\"name\":\"fribourg.swiss\",\"description\":\"The place to grow\",\"publisher\":{\"@id\":\"https:\/\/www.fribourg.swiss\/en\/#organization\"},\"potentialAction\":[{\"@type\":\"SearchAction\",\"target\":{\"@type\":\"EntryPoint\",\"urlTemplate\":\"https:\/\/www.fribourg.swiss\/en\/?s={search_term_string}\"},\"query-input\":{\"@type\":\"PropertyValueSpecification\",\"valueRequired\":true,\"valueName\":\"search_term_string\"}}],\"inLanguage\":\"en-US\"},{\"@type\":\"Organization\",\"@id\":\"https:\/\/www.fribourg.swiss\/en\/#organization\",\"name\":\"Fribourg Network Freiburg\",\"url\":\"https:\/\/www.fribourg.swiss\/en\/\",\"logo\":{\"@type\":\"ImageObject\",\"inLanguage\":\"en-US\",\"@id\":\"https:\/\/www.fribourg.swiss\/en\/#\/schema\/logo\/image\/\",\"url\":\"https:\/\/www.fribourgnetwork.ch\/wp-content\/uploads\/2022\/08\/logo.png\",\"contentUrl\":\"https:\/\/www.fribourgnetwork.ch\/wp-content\/uploads\/2022\/08\/logo.png\",\"width\":270,\"height\":140,\"caption\":\"Fribourg Network Freiburg\"},\"image\":{\"@id\":\"https:\/\/www.fribourg.swiss\/en\/#\/schema\/logo\/image\/\"}},{\"@type\":\"Person\",\"@id\":\"https:\/\/www.fribourg.swiss\/en\/#\/schema\/person\/226f4a502830354007a9cd73ee48e0e0\",\"name\":\"admin\",\"image\":{\"@type\":\"ImageObject\",\"inLanguage\":\"en-US\",\"@id\":\"https:\/\/www.fribourg.swiss\/en\/#\/schema\/person\/image\/\",\"url\":\"https:\/\/secure.gravatar.com\/avatar\/c3ac499a4889e1320f05a4ae092744c50a82953557bffb65b75e7594f0653ea9?s=96&d=mm&r=g\",\"contentUrl\":\"https:\/\/secure.gravatar.com\/avatar\/c3ac499a4889e1320f05a4ae092744c50a82953557bffb65b75e7594f0653ea9?s=96&d=mm&r=g\",\"caption\":\"admin\"},\"sameAs\":[\"http:\/\/localhost:7314\"]}]}<\/script>\n<!-- \/ Yoast SEO plugin. -->","yoast_head_json":{"title":"LE FUTUR COMMENCE \u00c0 LA FERME | fribourg.swiss","robots":{"index":"index","follow":"follow","max-snippet":"max-snippet:-1","max-image-preview":"max-image-preview:large","max-video-preview":"max-video-preview:-1"},"canonical":"https:\/\/www.fribourg.swiss\/en\/le-futur-commence-a-la-ferme\/","og_locale":"en_US","og_type":"article","og_title":"LE FUTUR COMMENCE \u00c0 LA FERME | fribourg.swiss","og_description":"[vc_row el_class=&#8221;pt-0&#8243;][vc_column][vc_row_inner][vc_column_inner width=&#8221;2\/12&#8243;][\/vc_column_inner][vc_column_inner width=&#8221;10\/12&#8243;][\/vc_column_inner][\/vc_row_inner][\/vc_column][\/vc_row][vc_row el_class=&#8221;pt-0&#8243;][vc_column][vc_row_inner][vc_column_inner width=&#8221;2\/12&#8243;][\/vc_column_inner][vc_column_inner width=&#8221;10\/12&#8243;][vc_single_image image=&#8221;572&#8243; img_size=&#8221;full&#8221;][vc_column_text][\/vc_column_text][\/vc_column_inner][\/vc_row_inner][\/vc_column][\/vc_row][vc_row el_class=&#8221;pt-0&#8243;][vc_column][vc_row_inner][vc_column_inner width=&#8221;2\/12&#8243;][\/vc_column_inner][vc_column_inner width=&#8221;5\/12&#8243;][vc_column_text]Pascal Gutknecht aime la nouveaut\u00e9. Il y a 17 ans, son entreprise familiale fusionnait avec deux autres fermes. A pr\u00e9sent, lui et ses deux copropri\u00e9taires emploient 80 personnes, produisent des l\u00e9gumes en grande quantit\u00e9 et sont sp\u00e9cialis\u00e9s dans les march\u00e9s de niche.[\/vc_column_text][\/vc_column_inner][vc_column_inner width=&#8221;5\/12&#8243;][vc_column_text] La [&hellip;]","og_url":"https:\/\/www.fribourg.swiss\/en\/le-futur-commence-a-la-ferme\/","og_site_name":"fribourg.swiss","article_published_time":"2019-03-11T11:01:10+00:00","article_modified_time":"2022-08-16T06:47:21+00:00","og_image":[{"width":696,"height":476,"url":"https:\/\/www.fribourg.swiss\/wp-content\/uploads\/2022\/08\/Gutknecht-Gemu\u0308se-696x476-1.jpeg","type":"image\/jpeg"}],"author":"admin","twitter_card":"summary_large_image","twitter_misc":{"Written by":"admin","Est. reading time":"2 minutes"},"schema":{"@context":"https:\/\/schema.org","@graph":[{"@type":"Article","@id":"https:\/\/www.fribourg.swiss\/en\/le-futur-commence-a-la-ferme\/#article","isPartOf":{"@id":"https:\/\/www.fribourg.swiss\/en\/le-futur-commence-a-la-ferme\/"},"author":{"name":"admin","@id":"https:\/\/www.fribourg.swiss\/en\/#\/schema\/person\/226f4a502830354007a9cd73ee48e0e0"},"headline":"LE FUTUR COMMENCE \u00c0 LA FERME","datePublished":"2019-03-11T11:01:10+00:00","dateModified":"2022-08-16T06:47:21+00:00","mainEntityOfPage":{"@id":"https:\/\/www.fribourg.swiss\/en\/le-futur-commence-a-la-ferme\/"},"wordCount":547,"publisher":{"@id":"https:\/\/www.fribourg.swiss\/en\/#organization"},"image":{"@id":"https:\/\/www.fribourg.swiss\/en\/le-futur-commence-a-la-ferme\/#primaryimage"},"thumbnailUrl":"https:\/\/www.fribourg.swiss\/wp-content\/uploads\/2022\/08\/Gutknecht-Gemu\u0308se-696x476-1.jpeg","articleSection":["Bioeconomy","Food"],"inLanguage":"en-US"},{"@type":"WebPage","@id":"https:\/\/www.fribourg.swiss\/en\/le-futur-commence-a-la-ferme\/","url":"https:\/\/www.fribourg.swiss\/en\/le-futur-commence-a-la-ferme\/","name":"LE FUTUR COMMENCE \u00c0 LA FERME | fribourg.swiss","isPartOf":{"@id":"https:\/\/www.fribourg.swiss\/en\/#website"},"primaryImageOfPage":{"@id":"https:\/\/www.fribourg.swiss\/en\/le-futur-commence-a-la-ferme\/#primaryimage"},"image":{"@id":"https:\/\/www.fribourg.swiss\/en\/le-futur-commence-a-la-ferme\/#primaryimage"},"thumbnailUrl":"https:\/\/www.fribourg.swiss\/wp-content\/uploads\/2022\/08\/Gutknecht-Gemu\u0308se-696x476-1.jpeg","datePublished":"2019-03-11T11:01:10+00:00","dateModified":"2022-08-16T06:47:21+00:00","breadcrumb":{"@id":"https:\/\/www.fribourg.swiss\/en\/le-futur-commence-a-la-ferme\/#breadcrumb"},"inLanguage":"en-US","potentialAction":[{"@type":"ReadAction","target":["https:\/\/www.fribourg.swiss\/en\/le-futur-commence-a-la-ferme\/"]}]},{"@type":"ImageObject","inLanguage":"en-US","@id":"https:\/\/www.fribourg.swiss\/en\/le-futur-commence-a-la-ferme\/#primaryimage","url":"https:\/\/www.fribourg.swiss\/wp-content\/uploads\/2022\/08\/Gutknecht-Gemu\u0308se-696x476-1.jpeg","contentUrl":"https:\/\/www.fribourg.swiss\/wp-content\/uploads\/2022\/08\/Gutknecht-Gemu\u0308se-696x476-1.jpeg","width":696,"height":476},{"@type":"BreadcrumbList","@id":"https:\/\/www.fribourg.swiss\/en\/le-futur-commence-a-la-ferme\/#breadcrumb","itemListElement":[{"@type":"ListItem","position":1,"name":"Accueil","item":"https:\/\/www.fribourg.swiss\/en\/"},{"@type":"ListItem","position":2,"name":"LE FUTUR COMMENCE \u00c0 LA FERME"}]},{"@type":"WebSite","@id":"https:\/\/www.fribourg.swiss\/en\/#website","url":"https:\/\/www.fribourg.swiss\/en\/","name":"fribourg.swiss","description":"The place to grow","publisher":{"@id":"https:\/\/www.fribourg.swiss\/en\/#organization"},"potentialAction":[{"@type":"SearchAction","target":{"@type":"EntryPoint","urlTemplate":"https:\/\/www.fribourg.swiss\/en\/?s={search_term_string}"},"query-input":{"@type":"PropertyValueSpecification","valueRequired":true,"valueName":"search_term_string"}}],"inLanguage":"en-US"},{"@type":"Organization","@id":"https:\/\/www.fribourg.swiss\/en\/#organization","name":"Fribourg Network Freiburg","url":"https:\/\/www.fribourg.swiss\/en\/","logo":{"@type":"ImageObject","inLanguage":"en-US","@id":"https:\/\/www.fribourg.swiss\/en\/#\/schema\/logo\/image\/","url":"https:\/\/www.fribourgnetwork.ch\/wp-content\/uploads\/2022\/08\/logo.png","contentUrl":"https:\/\/www.fribourgnetwork.ch\/wp-content\/uploads\/2022\/08\/logo.png","width":270,"height":140,"caption":"Fribourg Network Freiburg"},"image":{"@id":"https:\/\/www.fribourg.swiss\/en\/#\/schema\/logo\/image\/"}},{"@type":"Person","@id":"https:\/\/www.fribourg.swiss\/en\/#\/schema\/person\/226f4a502830354007a9cd73ee48e0e0","name":"admin","image":{"@type":"ImageObject","inLanguage":"en-US","@id":"https:\/\/www.fribourg.swiss\/en\/#\/schema\/person\/image\/","url":"https:\/\/secure.gravatar.com\/avatar\/c3ac499a4889e1320f05a4ae092744c50a82953557bffb65b75e7594f0653ea9?s=96&d=mm&r=g","contentUrl":"https:\/\/secure.gravatar.com\/avatar\/c3ac499a4889e1320f05a4ae092744c50a82953557bffb65b75e7594f0653ea9?s=96&d=mm&r=g","caption":"admin"},"sameAs":["http:\/\/localhost:7314"]}]}},"_links":{"self":[{"href":"https:\/\/www.fribourg.swiss\/en\/wp-json\/wp\/v2\/posts\/580","targetHints":{"allow":["GET"]}}],"collection":[{"href":"https:\/\/www.fribourg.swiss\/en\/wp-json\/wp\/v2\/posts"}],"about":[{"href":"https:\/\/www.fribourg.swiss\/en\/wp-json\/wp\/v2\/types\/post"}],"author":[{"embeddable":true,"href":"https:\/\/www.fribourg.swiss\/en\/wp-json\/wp\/v2\/users\/1"}],"replies":[{"embeddable":true,"href":"https:\/\/www.fribourg.swiss\/en\/wp-json\/wp\/v2\/comments?post=580"}],"version-history":[{"count":2,"href":"https:\/\/www.fribourg.swiss\/en\/wp-json\/wp\/v2\/posts\/580\/revisions"}],"predecessor-version":[{"id":797,"href":"https:\/\/www.fribourg.swiss\/en\/wp-json\/wp\/v2\/posts\/580\/revisions\/797"}],"wp:featuredmedia":[{"embeddable":true,"href":"https:\/\/www.fribourg.swiss\/en\/wp-json\/wp\/v2\/media\/573"}],"wp:attachment":[{"href":"https:\/\/www.fribourg.swiss\/en\/wp-json\/wp\/v2\/media?parent=580"}],"wp:term":[{"taxonomy":"category","embeddable":true,"href":"https:\/\/www.fribourg.swiss\/en\/wp-json\/wp\/v2\/categories?post=580"},{"taxonomy":"post_tag","embeddable":true,"href":"https:\/\/www.fribourg.swiss\/en\/wp-json\/wp\/v2\/tags?post=580"}],"curies":[{"name":"wp","href":"https:\/\/api.w.org\/{rel}","templated":true}]}}