{"id":881,"date":"2020-08-31T12:01:22","date_gmt":"2020-08-31T10:01:22","guid":{"rendered":"http:\/\/www.fribourgnetwork.ch\/la-biomasse-comme-alternative-au-petrole\/"},"modified":"2022-08-16T13:28:35","modified_gmt":"2022-08-16T11:28:35","slug":"biomasse-als-alternative-zu-erdoel","status":"publish","type":"post","link":"https:\/\/www.fribourg.swiss\/de\/biomasse-als-alternative-zu-erdoel\/","title":{"rendered":"BIOMASSE ALS ALTERNATIVE ZU ERD\u00d6L"},"content":{"rendered":"<div class=\"wpb-content-wrapper\"><p>[vc_row el_class=&#8220;pt-0&#8243;][vc_column][vc_row_inner][vc_column_inner width=&#8220;2\/12&#8243;][\/vc_column_inner][vc_column_inner width=&#8220;10\/12&#8243;]<div class=\"titre article\">BIOMASSE ALS ALTERNATIVE ZU ERD\u00d6L<\/div><div class=\"sous-titre\">BLOOM BIORENEWABLES | <span class=\"date\">31.08.2020<\/span><\/div>[\/vc_column_inner][\/vc_row_inner][\/vc_column][\/vc_row][vc_row el_class=&#8220;pt-0&#8243;][vc_column][vc_row_inner][vc_column_inner width=&#8220;2\/12&#8243;][\/vc_column_inner][vc_column_inner width=&#8220;10\/12&#8243;][vc_single_image image=&#8220;876&#8243; img_size=&#8220;full&#8220;][vc_column_text]Bildunterschrift :\u00a0<span lang=\"DE-CH\">Der Rohstoff wird mit geheim gehaltenen Zutaten vermischt und w\u00e4hrend drei Stunden auf 80 Grad erhitzt<\/span>[\/vc_column_text][\/vc_column_inner][\/vc_row_inner][\/vc_column][\/vc_row][vc_row el_class=&#8220;pt-0&#8243;][vc_column][vc_row_inner][vc_column_inner width=&#8220;2\/12&#8243;][\/vc_column_inner][vc_column_inner width=&#8220;5\/12&#8243;][vc_column_text]<strong>Ob synthetische Fasern, Kunststoffe, Kosmetika oder Lebensmittelzus\u00e4tze: Produkte, die aus dem in Verruf geratenen Erd\u00f6l gewonnen werden, sind aus unserem Alltag nicht mehr wegzudenken. Trotz der wachsenden weltweiten Nachfrage ist es der Chemieindustrie bisher nicht gelungen, mit einer nachhaltigen Alternative aufzuwarten\u2026 bis heute. Das Start-up\u00a0Bloom Biorenewables\u00a0hat es mit einem inzwischen patentierten Verfahren geschafft, die drei Bestandteile der Biomasse (Holz und landwirtschaftliche Abf\u00e4lle) zu trennen. Einer der Hauptbestandteile neben der Zellulose, das Lignin, wird in seiner nativen Form extrahiert und zur Herstellung von Molek\u00fclen verwendet, die die k\u00fcnstlichen Polymere vorteilhaft ersetzen. Eine kleine Revolution!<\/strong>[\/vc_column_text]<div class='row'><div class='col-lg-12 module-buttons desktop'><a href='https:\/\/www.bloombiorenewables.com' class='button' target='_blank'>www.bloombiorenewables.com<\/a><br \/><\/div><\/div>[\/vc_column_inner][vc_column_inner width=&#8220;5\/12&#8243;][vc_column_text]\u00abEs sind zahlreiche Anwendungen m\u00f6glich, aber wir visieren vorl\u00e4ufig M\u00e4rkte mit kleinen Volumen und hoher Wertsch\u00f6pfung an. Bei der Herstellung von Aromen stammt beispielsweise nur 1% des weltweit produzierten Vanillins von der Pflanze. Der Rest wird durch verschiedene chemische Synthesen gewonnen, haupts\u00e4chlich aus Guajakol, einem Erd\u00f6lderivat. Unsere umweltfreundliche und vision\u00e4re L\u00f6sung weckt bereits das Interesse grosser Lebensmittelkonzerne\u00bb, erkl\u00e4rt Remy Buser, CEO und Mitgr\u00fcnder des jungen Unternehmens.<\/p>\n<p><strong>Die Sterne stehen g\u00fcnstig<\/strong><\/p>\n<p>Das aus einer Arbeitsgruppe der EPFL entstandene Unternehmen Bloom Biorenewables ist ein echtes Produkt des Technologietransfers. Das im Marly Innovation Center (MIC) angesiedelte Start-up arbeitet im Rahmen eines Innosuisse-Projekts, das mit 800\u2019000 Franken dotiert ist, eng mit den Freiburger Hochschulen zusammen. \u00abDank der Ausr\u00fcstung und den Kompetenzen des Instituts ChemTech der Hochschule f\u00fcr Technik und Architektur Freiburg (HTA-FR) werden wir bis 2021 unsere Proof-of-Concept-Phase abschliessen und unsere chemische Rezeptur definitiv validieren k\u00f6nnen. Dies ist eine Unterst\u00fctzung von unsch\u00e4tzbarem Wert, dank der wir in dieser ersten Entwicklungsphase viel Geld sparen k\u00f6nnen\u00bb, sagt der CEO.<\/p>\n<p>Innerhalb von zwei Jahren hat das Start-up mehrere prestigetr\u00e4chtige Preise gewonnen \u2013 u.a. von den Stiftungen W. A. de Vigier und Venture Kick \u2013 und 2,5 Millionen Schweizer Franken Kapital beschafft. Remy Buser meint: \u00abDie Sterne stehen g\u00fcnstig und wir wollen bis 2023 eine eigene Pilotanlage er\u00f6ffnen. Diese w\u00e4re in der Lage, 10\u2019000 Tonnen Biomasse pro Jahr zu verarbeiten. Der Standort des MIC mit seinen technischen Anlagen, seinem Bauland und seinem innovativen Umfeld scheint uns daf\u00fcr besonders geeignet.\u00bb[\/vc_column_text][\/vc_column_inner][\/vc_row_inner][\/vc_column][\/vc_row]<\/p>\n<\/div>","protected":false},"excerpt":{"rendered":"<p>[vc_row el_class=&#8220;pt-0&#8243;][vc_column][vc_row_inner][vc_column_inner width=&#8220;2\/12&#8243;][\/vc_column_inner][vc_column_inner width=&#8220;10\/12&#8243;][\/vc_column_inner][\/vc_row_inner][\/vc_column][\/vc_row][vc_row el_class=&#8220;pt-0&#8243;][vc_column][vc_row_inner][vc_column_inner width=&#8220;2\/12&#8243;][\/vc_column_inner][vc_column_inner width=&#8220;10\/12&#8243;][vc_single_image image=&#8220;876&#8243; img_size=&#8220;full&#8220;][vc_column_text]Bildunterschrift :\u00a0Der Rohstoff wird mit geheim gehaltenen Zutaten vermischt und w\u00e4hrend drei Stunden auf 80 Grad erhitzt[\/vc_column_text][\/vc_column_inner][\/vc_row_inner][\/vc_column][\/vc_row][vc_row el_class=&#8220;pt-0&#8243;][vc_column][vc_row_inner][vc_column_inner width=&#8220;2\/12&#8243;][\/vc_column_inner][vc_column_inner width=&#8220;5\/12&#8243;][vc_column_text]Ob synthetische Fasern, Kunststoffe, Kosmetika oder Lebensmittelzus\u00e4tze: Produkte, die aus dem in Verruf geratenen Erd\u00f6l gewonnen werden, sind aus unserem Alltag nicht mehr wegzudenken. Trotz der wachsenden weltweiten [&hellip;]<\/p>\n","protected":false},"author":1,"featured_media":878,"comment_status":"closed","ping_status":"closed","sticky":false,"template":"","format":"standard","meta":{"_acf_changed":false,"footnotes":""},"categories":[21,23,36],"tags":[],"class_list":["post-881","post","type-post","status-publish","format-standard","hentry","category-biowirtschaft","category-food-de","category-techtransfer-de"],"acf":[],"yoast_head":"<!-- This site is optimized with the Yoast SEO plugin v26.9 - https:\/\/yoast.com\/product\/yoast-seo-wordpress\/ -->\n<title>BIOMASSE ALS ALTERNATIVE ZU ERD\u00d6L | fribourg.swiss<\/title>\n<meta name=\"robots\" content=\"index, follow, max-snippet:-1, max-image-preview:large, max-video-preview:-1\" \/>\n<link rel=\"canonical\" href=\"https:\/\/www.fribourg.swiss\/de\/biomasse-als-alternative-zu-erdoel\/\" \/>\n<meta property=\"og:locale\" content=\"de_DE\" \/>\n<meta property=\"og:type\" content=\"article\" \/>\n<meta property=\"og:title\" content=\"BIOMASSE ALS ALTERNATIVE ZU ERD\u00d6L | fribourg.swiss\" \/>\n<meta property=\"og:description\" content=\"[vc_row el_class=&#8220;pt-0&#8243;][vc_column][vc_row_inner][vc_column_inner width=&#8220;2\/12&#8243;][\/vc_column_inner][vc_column_inner width=&#8220;10\/12&#8243;][\/vc_column_inner][\/vc_row_inner][\/vc_column][\/vc_row][vc_row el_class=&#8220;pt-0&#8243;][vc_column][vc_row_inner][vc_column_inner width=&#8220;2\/12&#8243;][\/vc_column_inner][vc_column_inner width=&#8220;10\/12&#8243;][vc_single_image image=&#8220;876&#8243; img_size=&#8220;full&#8220;][vc_column_text]Bildunterschrift :\u00a0Der Rohstoff wird mit geheim gehaltenen Zutaten vermischt und w\u00e4hrend drei Stunden auf 80 Grad erhitzt[\/vc_column_text][\/vc_column_inner][\/vc_row_inner][\/vc_column][\/vc_row][vc_row el_class=&#8220;pt-0&#8243;][vc_column][vc_row_inner][vc_column_inner width=&#8220;2\/12&#8243;][\/vc_column_inner][vc_column_inner width=&#8220;5\/12&#8243;][vc_column_text]Ob synthetische Fasern, Kunststoffe, Kosmetika oder Lebensmittelzus\u00e4tze: Produkte, die aus dem in Verruf geratenen Erd\u00f6l gewonnen werden, sind aus unserem Alltag nicht mehr wegzudenken. Trotz der wachsenden weltweiten [&hellip;]\" \/>\n<meta property=\"og:url\" content=\"https:\/\/www.fribourg.swiss\/de\/biomasse-als-alternative-zu-erdoel\/\" \/>\n<meta property=\"og:site_name\" content=\"fribourg.swiss\" \/>\n<meta property=\"article:published_time\" content=\"2020-08-31T10:01:22+00:00\" \/>\n<meta property=\"article:modified_time\" content=\"2022-08-16T11:28:35+00:00\" \/>\n<meta property=\"og:image\" content=\"https:\/\/www.fribourg.swiss\/wp-content\/uploads\/2022\/08\/FNF-2020-Bloom-Biorenewables.jpg\" \/>\n\t<meta property=\"og:image:width\" content=\"1204\" \/>\n\t<meta property=\"og:image:height\" content=\"803\" \/>\n\t<meta property=\"og:image:type\" content=\"image\/jpeg\" \/>\n<meta name=\"author\" content=\"admin\" \/>\n<meta name=\"twitter:card\" content=\"summary_large_image\" \/>\n<meta name=\"twitter:label1\" content=\"Verfasst von\" \/>\n\t<meta name=\"twitter:data1\" content=\"admin\" \/>\n\t<meta name=\"twitter:label2\" content=\"Gesch\u00e4tzte Lesezeit\" \/>\n\t<meta name=\"twitter:data2\" content=\"2\u00a0Minuten\" \/>\n<script type=\"application\/ld+json\" class=\"yoast-schema-graph\">{\"@context\":\"https:\/\/schema.org\",\"@graph\":[{\"@type\":\"Article\",\"@id\":\"https:\/\/www.fribourg.swiss\/de\/biomasse-als-alternative-zu-erdoel\/#article\",\"isPartOf\":{\"@id\":\"https:\/\/www.fribourg.swiss\/de\/biomasse-als-alternative-zu-erdoel\/\"},\"author\":{\"name\":\"admin\",\"@id\":\"https:\/\/www.fribourg.swiss\/de\/#\/schema\/person\/226f4a502830354007a9cd73ee48e0e0\"},\"headline\":\"BIOMASSE ALS ALTERNATIVE ZU ERD\u00d6L\",\"datePublished\":\"2020-08-31T10:01:22+00:00\",\"dateModified\":\"2022-08-16T11:28:35+00:00\",\"mainEntityOfPage\":{\"@id\":\"https:\/\/www.fribourg.swiss\/de\/biomasse-als-alternative-zu-erdoel\/\"},\"wordCount\":534,\"publisher\":{\"@id\":\"https:\/\/www.fribourg.swiss\/de\/#organization\"},\"image\":{\"@id\":\"https:\/\/www.fribourg.swiss\/de\/biomasse-als-alternative-zu-erdoel\/#primaryimage\"},\"thumbnailUrl\":\"https:\/\/www.fribourg.swiss\/wp-content\/uploads\/2022\/08\/FNF-2020-Bloom-Biorenewables.jpg\",\"articleSection\":[\"Biowirtschaft\",\"Food\",\"Tech Transfer\"],\"inLanguage\":\"de\"},{\"@type\":\"WebPage\",\"@id\":\"https:\/\/www.fribourg.swiss\/de\/biomasse-als-alternative-zu-erdoel\/\",\"url\":\"https:\/\/www.fribourg.swiss\/de\/biomasse-als-alternative-zu-erdoel\/\",\"name\":\"BIOMASSE ALS ALTERNATIVE ZU ERD\u00d6L | fribourg.swiss\",\"isPartOf\":{\"@id\":\"https:\/\/www.fribourg.swiss\/de\/#website\"},\"primaryImageOfPage\":{\"@id\":\"https:\/\/www.fribourg.swiss\/de\/biomasse-als-alternative-zu-erdoel\/#primaryimage\"},\"image\":{\"@id\":\"https:\/\/www.fribourg.swiss\/de\/biomasse-als-alternative-zu-erdoel\/#primaryimage\"},\"thumbnailUrl\":\"https:\/\/www.fribourg.swiss\/wp-content\/uploads\/2022\/08\/FNF-2020-Bloom-Biorenewables.jpg\",\"datePublished\":\"2020-08-31T10:01:22+00:00\",\"dateModified\":\"2022-08-16T11:28:35+00:00\",\"breadcrumb\":{\"@id\":\"https:\/\/www.fribourg.swiss\/de\/biomasse-als-alternative-zu-erdoel\/#breadcrumb\"},\"inLanguage\":\"de\",\"potentialAction\":[{\"@type\":\"ReadAction\",\"target\":[\"https:\/\/www.fribourg.swiss\/de\/biomasse-als-alternative-zu-erdoel\/\"]}]},{\"@type\":\"ImageObject\",\"inLanguage\":\"de\",\"@id\":\"https:\/\/www.fribourg.swiss\/de\/biomasse-als-alternative-zu-erdoel\/#primaryimage\",\"url\":\"https:\/\/www.fribourg.swiss\/wp-content\/uploads\/2022\/08\/FNF-2020-Bloom-Biorenewables.jpg\",\"contentUrl\":\"https:\/\/www.fribourg.swiss\/wp-content\/uploads\/2022\/08\/FNF-2020-Bloom-Biorenewables.jpg\",\"width\":1204,\"height\":803,\"caption\":\"La start-up Bloom Biorenewables, n\u00e9e dans le canton de Vaud, active dans le domaine de la chimie, s'installe d\u00e9sormais dans le canton, au Marly Innovation Center. En collaboration avec la Haute Ecole d'ing\u00e9nierie et d'architecture de Fribourg (EIA-FR), la petite entreprise a mis au point un processus industriel pour valoriser le bois et les d\u00e9chets agricoles afin de produire des mol\u00e9cules qui remplacent les d\u00e9riv\u00e9s du p\u00e9trole. Ici Chlo\u00e9 Wegmann, de Bloom Biorenewables. Photo Lib\/Alain Wicht, Fribourg, le 16.06.2020 Lib. 18.06.2020, p.9 FN \/ 08.07.2020, S.5\"},{\"@type\":\"BreadcrumbList\",\"@id\":\"https:\/\/www.fribourg.swiss\/de\/biomasse-als-alternative-zu-erdoel\/#breadcrumb\",\"itemListElement\":[{\"@type\":\"ListItem\",\"position\":1,\"name\":\"Accueil\",\"item\":\"https:\/\/www.fribourg.swiss\/de\/\"},{\"@type\":\"ListItem\",\"position\":2,\"name\":\"BIOMASSE ALS ALTERNATIVE ZU ERD\u00d6L\"}]},{\"@type\":\"WebSite\",\"@id\":\"https:\/\/www.fribourg.swiss\/de\/#website\",\"url\":\"https:\/\/www.fribourg.swiss\/de\/\",\"name\":\"fribourg.swiss\",\"description\":\"The place to grow\",\"publisher\":{\"@id\":\"https:\/\/www.fribourg.swiss\/de\/#organization\"},\"potentialAction\":[{\"@type\":\"SearchAction\",\"target\":{\"@type\":\"EntryPoint\",\"urlTemplate\":\"https:\/\/www.fribourg.swiss\/de\/?s={search_term_string}\"},\"query-input\":{\"@type\":\"PropertyValueSpecification\",\"valueRequired\":true,\"valueName\":\"search_term_string\"}}],\"inLanguage\":\"de\"},{\"@type\":\"Organization\",\"@id\":\"https:\/\/www.fribourg.swiss\/de\/#organization\",\"name\":\"Fribourg Network Freiburg\",\"url\":\"https:\/\/www.fribourg.swiss\/de\/\",\"logo\":{\"@type\":\"ImageObject\",\"inLanguage\":\"de\",\"@id\":\"https:\/\/www.fribourg.swiss\/de\/#\/schema\/logo\/image\/\",\"url\":\"https:\/\/www.fribourgnetwork.ch\/wp-content\/uploads\/2022\/08\/logo.png\",\"contentUrl\":\"https:\/\/www.fribourgnetwork.ch\/wp-content\/uploads\/2022\/08\/logo.png\",\"width\":270,\"height\":140,\"caption\":\"Fribourg Network Freiburg\"},\"image\":{\"@id\":\"https:\/\/www.fribourg.swiss\/de\/#\/schema\/logo\/image\/\"}},{\"@type\":\"Person\",\"@id\":\"https:\/\/www.fribourg.swiss\/de\/#\/schema\/person\/226f4a502830354007a9cd73ee48e0e0\",\"name\":\"admin\",\"image\":{\"@type\":\"ImageObject\",\"inLanguage\":\"de\",\"@id\":\"https:\/\/www.fribourg.swiss\/de\/#\/schema\/person\/image\/\",\"url\":\"https:\/\/secure.gravatar.com\/avatar\/c3ac499a4889e1320f05a4ae092744c50a82953557bffb65b75e7594f0653ea9?s=96&d=mm&r=g\",\"contentUrl\":\"https:\/\/secure.gravatar.com\/avatar\/c3ac499a4889e1320f05a4ae092744c50a82953557bffb65b75e7594f0653ea9?s=96&d=mm&r=g\",\"caption\":\"admin\"},\"sameAs\":[\"http:\/\/localhost:7314\"]}]}<\/script>\n<!-- \/ Yoast SEO plugin. -->","yoast_head_json":{"title":"BIOMASSE ALS ALTERNATIVE ZU ERD\u00d6L | fribourg.swiss","robots":{"index":"index","follow":"follow","max-snippet":"max-snippet:-1","max-image-preview":"max-image-preview:large","max-video-preview":"max-video-preview:-1"},"canonical":"https:\/\/www.fribourg.swiss\/de\/biomasse-als-alternative-zu-erdoel\/","og_locale":"de_DE","og_type":"article","og_title":"BIOMASSE ALS ALTERNATIVE ZU ERD\u00d6L | fribourg.swiss","og_description":"[vc_row el_class=&#8220;pt-0&#8243;][vc_column][vc_row_inner][vc_column_inner width=&#8220;2\/12&#8243;][\/vc_column_inner][vc_column_inner width=&#8220;10\/12&#8243;][\/vc_column_inner][\/vc_row_inner][\/vc_column][\/vc_row][vc_row el_class=&#8220;pt-0&#8243;][vc_column][vc_row_inner][vc_column_inner width=&#8220;2\/12&#8243;][\/vc_column_inner][vc_column_inner width=&#8220;10\/12&#8243;][vc_single_image image=&#8220;876&#8243; img_size=&#8220;full&#8220;][vc_column_text]Bildunterschrift :\u00a0Der Rohstoff wird mit geheim gehaltenen Zutaten vermischt und w\u00e4hrend drei Stunden auf 80 Grad erhitzt[\/vc_column_text][\/vc_column_inner][\/vc_row_inner][\/vc_column][\/vc_row][vc_row el_class=&#8220;pt-0&#8243;][vc_column][vc_row_inner][vc_column_inner width=&#8220;2\/12&#8243;][\/vc_column_inner][vc_column_inner width=&#8220;5\/12&#8243;][vc_column_text]Ob synthetische Fasern, Kunststoffe, Kosmetika oder Lebensmittelzus\u00e4tze: Produkte, die aus dem in Verruf geratenen Erd\u00f6l gewonnen werden, sind aus unserem Alltag nicht mehr wegzudenken. Trotz der wachsenden weltweiten [&hellip;]","og_url":"https:\/\/www.fribourg.swiss\/de\/biomasse-als-alternative-zu-erdoel\/","og_site_name":"fribourg.swiss","article_published_time":"2020-08-31T10:01:22+00:00","article_modified_time":"2022-08-16T11:28:35+00:00","og_image":[{"width":1204,"height":803,"url":"https:\/\/www.fribourg.swiss\/wp-content\/uploads\/2022\/08\/FNF-2020-Bloom-Biorenewables.jpg","type":"image\/jpeg"}],"author":"admin","twitter_card":"summary_large_image","twitter_misc":{"Verfasst von":"admin","Gesch\u00e4tzte Lesezeit":"2\u00a0Minuten"},"schema":{"@context":"https:\/\/schema.org","@graph":[{"@type":"Article","@id":"https:\/\/www.fribourg.swiss\/de\/biomasse-als-alternative-zu-erdoel\/#article","isPartOf":{"@id":"https:\/\/www.fribourg.swiss\/de\/biomasse-als-alternative-zu-erdoel\/"},"author":{"name":"admin","@id":"https:\/\/www.fribourg.swiss\/de\/#\/schema\/person\/226f4a502830354007a9cd73ee48e0e0"},"headline":"BIOMASSE ALS ALTERNATIVE ZU ERD\u00d6L","datePublished":"2020-08-31T10:01:22+00:00","dateModified":"2022-08-16T11:28:35+00:00","mainEntityOfPage":{"@id":"https:\/\/www.fribourg.swiss\/de\/biomasse-als-alternative-zu-erdoel\/"},"wordCount":534,"publisher":{"@id":"https:\/\/www.fribourg.swiss\/de\/#organization"},"image":{"@id":"https:\/\/www.fribourg.swiss\/de\/biomasse-als-alternative-zu-erdoel\/#primaryimage"},"thumbnailUrl":"https:\/\/www.fribourg.swiss\/wp-content\/uploads\/2022\/08\/FNF-2020-Bloom-Biorenewables.jpg","articleSection":["Biowirtschaft","Food","Tech Transfer"],"inLanguage":"de"},{"@type":"WebPage","@id":"https:\/\/www.fribourg.swiss\/de\/biomasse-als-alternative-zu-erdoel\/","url":"https:\/\/www.fribourg.swiss\/de\/biomasse-als-alternative-zu-erdoel\/","name":"BIOMASSE ALS ALTERNATIVE ZU ERD\u00d6L | fribourg.swiss","isPartOf":{"@id":"https:\/\/www.fribourg.swiss\/de\/#website"},"primaryImageOfPage":{"@id":"https:\/\/www.fribourg.swiss\/de\/biomasse-als-alternative-zu-erdoel\/#primaryimage"},"image":{"@id":"https:\/\/www.fribourg.swiss\/de\/biomasse-als-alternative-zu-erdoel\/#primaryimage"},"thumbnailUrl":"https:\/\/www.fribourg.swiss\/wp-content\/uploads\/2022\/08\/FNF-2020-Bloom-Biorenewables.jpg","datePublished":"2020-08-31T10:01:22+00:00","dateModified":"2022-08-16T11:28:35+00:00","breadcrumb":{"@id":"https:\/\/www.fribourg.swiss\/de\/biomasse-als-alternative-zu-erdoel\/#breadcrumb"},"inLanguage":"de","potentialAction":[{"@type":"ReadAction","target":["https:\/\/www.fribourg.swiss\/de\/biomasse-als-alternative-zu-erdoel\/"]}]},{"@type":"ImageObject","inLanguage":"de","@id":"https:\/\/www.fribourg.swiss\/de\/biomasse-als-alternative-zu-erdoel\/#primaryimage","url":"https:\/\/www.fribourg.swiss\/wp-content\/uploads\/2022\/08\/FNF-2020-Bloom-Biorenewables.jpg","contentUrl":"https:\/\/www.fribourg.swiss\/wp-content\/uploads\/2022\/08\/FNF-2020-Bloom-Biorenewables.jpg","width":1204,"height":803,"caption":"La start-up Bloom Biorenewables, n\u00e9e dans le canton de Vaud, active dans le domaine de la chimie, s'installe d\u00e9sormais dans le canton, au Marly Innovation Center. En collaboration avec la Haute Ecole d'ing\u00e9nierie et d'architecture de Fribourg (EIA-FR), la petite entreprise a mis au point un processus industriel pour valoriser le bois et les d\u00e9chets agricoles afin de produire des mol\u00e9cules qui remplacent les d\u00e9riv\u00e9s du p\u00e9trole. Ici Chlo\u00e9 Wegmann, de Bloom Biorenewables. Photo Lib\/Alain Wicht, Fribourg, le 16.06.2020 Lib. 18.06.2020, p.9 FN \/ 08.07.2020, S.5"},{"@type":"BreadcrumbList","@id":"https:\/\/www.fribourg.swiss\/de\/biomasse-als-alternative-zu-erdoel\/#breadcrumb","itemListElement":[{"@type":"ListItem","position":1,"name":"Accueil","item":"https:\/\/www.fribourg.swiss\/de\/"},{"@type":"ListItem","position":2,"name":"BIOMASSE ALS ALTERNATIVE ZU ERD\u00d6L"}]},{"@type":"WebSite","@id":"https:\/\/www.fribourg.swiss\/de\/#website","url":"https:\/\/www.fribourg.swiss\/de\/","name":"fribourg.swiss","description":"The place to grow","publisher":{"@id":"https:\/\/www.fribourg.swiss\/de\/#organization"},"potentialAction":[{"@type":"SearchAction","target":{"@type":"EntryPoint","urlTemplate":"https:\/\/www.fribourg.swiss\/de\/?s={search_term_string}"},"query-input":{"@type":"PropertyValueSpecification","valueRequired":true,"valueName":"search_term_string"}}],"inLanguage":"de"},{"@type":"Organization","@id":"https:\/\/www.fribourg.swiss\/de\/#organization","name":"Fribourg Network Freiburg","url":"https:\/\/www.fribourg.swiss\/de\/","logo":{"@type":"ImageObject","inLanguage":"de","@id":"https:\/\/www.fribourg.swiss\/de\/#\/schema\/logo\/image\/","url":"https:\/\/www.fribourgnetwork.ch\/wp-content\/uploads\/2022\/08\/logo.png","contentUrl":"https:\/\/www.fribourgnetwork.ch\/wp-content\/uploads\/2022\/08\/logo.png","width":270,"height":140,"caption":"Fribourg Network Freiburg"},"image":{"@id":"https:\/\/www.fribourg.swiss\/de\/#\/schema\/logo\/image\/"}},{"@type":"Person","@id":"https:\/\/www.fribourg.swiss\/de\/#\/schema\/person\/226f4a502830354007a9cd73ee48e0e0","name":"admin","image":{"@type":"ImageObject","inLanguage":"de","@id":"https:\/\/www.fribourg.swiss\/de\/#\/schema\/person\/image\/","url":"https:\/\/secure.gravatar.com\/avatar\/c3ac499a4889e1320f05a4ae092744c50a82953557bffb65b75e7594f0653ea9?s=96&d=mm&r=g","contentUrl":"https:\/\/secure.gravatar.com\/avatar\/c3ac499a4889e1320f05a4ae092744c50a82953557bffb65b75e7594f0653ea9?s=96&d=mm&r=g","caption":"admin"},"sameAs":["http:\/\/localhost:7314"]}]}},"_links":{"self":[{"href":"https:\/\/www.fribourg.swiss\/de\/wp-json\/wp\/v2\/posts\/881","targetHints":{"allow":["GET"]}}],"collection":[{"href":"https:\/\/www.fribourg.swiss\/de\/wp-json\/wp\/v2\/posts"}],"about":[{"href":"https:\/\/www.fribourg.swiss\/de\/wp-json\/wp\/v2\/types\/post"}],"author":[{"embeddable":true,"href":"https:\/\/www.fribourg.swiss\/de\/wp-json\/wp\/v2\/users\/1"}],"replies":[{"embeddable":true,"href":"https:\/\/www.fribourg.swiss\/de\/wp-json\/wp\/v2\/comments?post=881"}],"version-history":[{"count":3,"href":"https:\/\/www.fribourg.swiss\/de\/wp-json\/wp\/v2\/posts\/881\/revisions"}],"predecessor-version":[{"id":885,"href":"https:\/\/www.fribourg.swiss\/de\/wp-json\/wp\/v2\/posts\/881\/revisions\/885"}],"wp:featuredmedia":[{"embeddable":true,"href":"https:\/\/www.fribourg.swiss\/de\/wp-json\/wp\/v2\/media\/878"}],"wp:attachment":[{"href":"https:\/\/www.fribourg.swiss\/de\/wp-json\/wp\/v2\/media?parent=881"}],"wp:term":[{"taxonomy":"category","embeddable":true,"href":"https:\/\/www.fribourg.swiss\/de\/wp-json\/wp\/v2\/categories?post=881"},{"taxonomy":"post_tag","embeddable":true,"href":"https:\/\/www.fribourg.swiss\/de\/wp-json\/wp\/v2\/tags?post=881"}],"curies":[{"name":"wp","href":"https:\/\/api.w.org\/{rel}","templated":true}]}}