{"id":686,"date":"2020-08-28T12:05:14","date_gmt":"2020-08-28T10:05:14","guid":{"rendered":"http:\/\/www.fribourgnetwork.ch\/encourager-la-culture-dentreprise\/"},"modified":"2022-08-16T08:57:13","modified_gmt":"2022-08-16T06:57:13","slug":"foerdern-der-unternehmerischen-kultur","status":"publish","type":"post","link":"https:\/\/www.fribourg.swiss\/de\/foerdern-der-unternehmerischen-kultur\/","title":{"rendered":"F\u00d6RDERN DER UNTERNEHMERISCHEN KULTUR"},"content":{"rendered":"<div class=\"wpb-content-wrapper\"><p>[vc_row el_class=&#8220;pt-0&#8243;][vc_column][vc_row_inner][vc_column_inner width=&#8220;2\/12&#8243;][\/vc_column_inner][vc_column_inner width=&#8220;10\/12&#8243;]<div class=\"titre article\">F\u00d6RDERN DER UNTERNEHMERISCHEN KULTUR<\/div><div class=\"sous-titre\">Jerry Krattiger | <span class=\"date\">28.08.2020<\/span><\/div>[\/vc_column_inner][\/vc_row_inner][\/vc_column][\/vc_row][vc_row el_class=&#8220;pt-0&#8243;][vc_column][vc_row_inner][vc_column_inner width=&#8220;2\/12&#8243;][\/vc_column_inner][vc_column_inner width=&#8220;10\/12&#8243;][vc_single_image image=&#8220;681&#8243; img_size=&#8220;full&#8220;][vc_column_text][\/vc_column_text][\/vc_column_inner][\/vc_row_inner][\/vc_column][\/vc_row][vc_row el_class=&#8220;pt-0&#8243;][vc_column][vc_row_inner][vc_column_inner width=&#8220;2\/12&#8243;][\/vc_column_inner][vc_column_inner width=&#8220;5\/12&#8243;][vc_column_text]<strong>Seit Juni 2019 ist er der neue Direktor der Wirtschaftsf\u00f6rderung Kanton Freiburg (WIF). Mit 50 Jahren blickt Jerry Krattiger auf einen reichen Erfahrungsschatz in Unternehmensf\u00fchrung zur\u00fcck: Der Berner war als Projektleiter im Finanz- und Versicherungswesen t\u00e4tig, gr\u00fcndete eine IT-Firma mit und war operativer Leiter eines nicht gewinnorientierten Vereins. Zudem \u00fcbte er verschiedene Verwaltungsratsmandate auf dem Gebiet der Wirtschaftsentwicklung aus und unterrichtete als Privatdozent an mehreren Schweizer Hochschulen. Dank dieser vielseitigen beruflichen Laufbahn konnte er nebst Sprachkenntnissen \u2013 er beherrscht deren f\u00fcnf \u2013 und F\u00e4higkeiten in der Unternehmensf\u00fchrung auch ausgepr\u00e4gte Kompetenzen in der Teamf\u00fchrung und der Entwicklung von lokalen, nationalen und internationalen Partnerschaften erwerben. Ein Gespr\u00e4ch.<\/strong>[\/vc_column_text]<div class='row'><div class='col-lg-12 module-buttons desktop'><a href='www.promfr.ch' class='button' target='_blank'>www.promfr.ch<\/a><br \/><\/div><\/div>[vc_video link=&#8220;https:\/\/www.youtube.com\/watch?v=cMqiuGbGxU4&amp;feature=emb_title&#8220;][\/vc_column_inner][vc_column_inner width=&#8220;5\/12&#8243;][vc_column_text]<strong>Sie kommen von ausserhalb des Kantons Freiburg: Was hat Sie am meisten beeindruckt, als Sie das Amt des Direktors der WIF \u00fcbernommen haben?<\/strong><\/p>\n<p>In erster Linie war ich positiv von der F\u00e4higkeit des Kantons Freiburg \u00fcberrascht, Schwierigkeiten zu meistern und gewisse R\u00fcckschl\u00e4ge in Chancen zu verwandeln. Als in der ersten H\u00e4lfte der 2010er-Jahre mehrere Unternehmen abgewandert sind, hat der Kanton viel Entschlossenheit und Ehrgeiz an den Tag gelegt, indem er diese Industriestandorte erwarb, um sie zu branchenspezifischen Entwicklungszentren auszubauen. Ich denke dabei insbesondere an blueFACTORY, das Innovationsquartier mitten im Stadtzentrum von Freiburg und ehemaliger Standort der Cardinal-Brauerei. Heute sind auf dem Gel\u00e4nde ein hochspezialisiertes Forschungsinstitut im Bereich Lebens- und Wohnraum der Zukunft, verschiedene Kompetenzzentren und mehrere Dutzend innovative Start-ups und KMUs ans\u00e4ssig. Dasselbe gilt f\u00fcr die Innovationsstandorte AgriCo in Saint-Aubin \u2013 der Lebensmittelindustrie und der Biomasse gewidmet \u2013 und Maillarde in Romont, der auf die Entwicklung der Biotechnologie ausgerichtet ist. Es ist erfreulich festzustellen, dass in Freiburg ein politischer Wille besteht, mutige Entscheide zu treffen und daf\u00fcr die n\u00f6tigen Mittel bereitzustellen, um eines Tages von einem substanziellen Mehrwert profitieren zu k\u00f6nnen.<\/p>\n<p><strong>In den ersten Monaten haben Sie zahlreiche Freiburger Unternehmen getroffen. Welche Schl\u00fcsse haben Sie daraus gezogen?<\/strong><\/p>\n<p>Es ist wichtig, ein offenes Ohr f\u00fcr die Anliegen der lokalen Unternehmen \u2013 Start-ups, KMUs oder internationale Grosskonzerne \u2013 zu haben, um ihre Bed\u00fcrfnisse besser zu verstehen und sie bei ihrer Entwicklung unterst\u00fctzen zu k\u00f6nnen. Es freut mich sehr, dass die Zusammenarbeit dieser Unternehmen mit den Hochschulen ausserordentlich gut funktioniert. In Freiburg scheinen die Verbindungen zwischen der akademischen und der industriellen Welt bereits sehr eng zu sein. Aber es gibt noch Potenzial f\u00fcr Verbesserungen und wir k\u00f6nnen noch mehr tun.<\/p>\n<p><strong>Wie?<\/strong><\/p>\n<p>Die Forschungsaktivit\u00e4ten m\u00fcssen noch mehr auf die Bed\u00fcrfnisse der Industrie ausgerichtet werden. Da ich einige Zeit in den USA gelebt habe, habe ich die pragmatische Vision verinnerlicht, dass jeder Akteur des Innovations\u00f6kosystems verpflichtet ist, so viel wie m\u00f6glich dazu beizutragen, dass sich der Technologietransfer auf die Wirtschaft ausrichtet. In vielen akademischen Kreisen, in der Schweiz wie auch anderswo in Europa, braucht es einen unternehmensorientierteren Ansatz, um die Innovation kommerziell zu verwerten. Als Direktor der WIF w\u00fcnsche ich mir, dass diese Reflexe selbstverst\u00e4ndlich werden und dazu beitragen, das Freiburger Wirtschaftsgef\u00fcge dynamischer zu gestalten.<\/p>\n<p><strong>Sind die Rahmenbedingungen vorhanden, um dieses Ziel zu erreichen?<\/strong><\/p>\n<p>Ja, Freiburg verf\u00fcgt \u00fcber eine dynamische Universit\u00e4t, ausgezeichnete Hochschulen und eine Vielzahl von hochspezialisierten Kompetenzzentren und Forschungsinstituten. Im Vergleich zur \u00fcbrigen Schweiz liegt der Kanton bei der Zahl der pro Kopf angemeldeten Patente weit \u00fcber dem Durchschnitt. Ganz zu schweigen von den anderen Vorteilen, die Freiburg zu bieten hat, angefangen bei seiner jungen und gut ausgebildeten Bev\u00f6lkerung, seiner Br\u00fcckenfunktion zwischen der Deutsch- und der Westschweiz oder seiner ziemlich einzigartigen Lebensqualit\u00e4t. Mit der Neuen Regionalpolitik und Innosuisse (<em>Schweizerische Agentur f\u00fcr Innovationsf\u00f6rderung, Anm.d.Red<\/em>.) verf\u00fcgen wir zudem \u00fcber leistungsstarke Instrumente zur Unterst\u00fctzung und Finanzierung von gemeinsamen Innovationsprojekten der Industrie und einem oder mehreren Forschungspartnern. Die Zutaten sind alle vorhanden und diese Ausgabe von Fribourg Network Freiburg zeigt, dass es bereits viele Beispiele f\u00fcr eine erfolgreiche Zusammenarbeit gibt.<\/p>\n<p><strong>Haben wir also eine rosige Zukunft vor uns?<\/strong><\/p>\n<p>Ich hoffe es! Die Bem\u00fchungen von Kanton und Privatpersonen zur Entwicklung der Innovationszentren Freiburgs haben in den letzten zehn Jahren jedenfalls neue Massst\u00e4be in der Wirtschaftsf\u00f6rderung gesetzt \u2013 insbesondere in den strategischen Sektoren Bio\u00f6konomie und Industrie 4.0, die vielversprechende Nischen mit hoher Wertsch\u00f6pfung wie die menschliche Gesundheit, Polymere, Biopharmazie, Smart Living oder Digitaldruck umfassen.[\/vc_column_text][\/vc_column_inner][\/vc_row_inner][\/vc_column][\/vc_row]<\/p>\n<\/div>","protected":false},"excerpt":{"rendered":"<p>[vc_row el_class=&#8220;pt-0&#8243;][vc_column][vc_row_inner][vc_column_inner width=&#8220;2\/12&#8243;][\/vc_column_inner][vc_column_inner width=&#8220;10\/12&#8243;][\/vc_column_inner][\/vc_row_inner][\/vc_column][\/vc_row][vc_row el_class=&#8220;pt-0&#8243;][vc_column][vc_row_inner][vc_column_inner width=&#8220;2\/12&#8243;][\/vc_column_inner][vc_column_inner width=&#8220;10\/12&#8243;][vc_single_image image=&#8220;681&#8243; img_size=&#8220;full&#8220;][vc_column_text][\/vc_column_text][\/vc_column_inner][\/vc_row_inner][\/vc_column][\/vc_row][vc_row el_class=&#8220;pt-0&#8243;][vc_column][vc_row_inner][vc_column_inner width=&#8220;2\/12&#8243;][\/vc_column_inner][vc_column_inner width=&#8220;5\/12&#8243;][vc_column_text]Seit Juni 2019 ist er der neue Direktor der Wirtschaftsf\u00f6rderung Kanton Freiburg (WIF). Mit 50 Jahren blickt Jerry Krattiger auf einen reichen Erfahrungsschatz in Unternehmensf\u00fchrung zur\u00fcck: Der Berner war als Projektleiter im Finanz- und Versicherungswesen t\u00e4tig, gr\u00fcndete eine IT-Firma mit und war operativer Leiter [&hellip;]<\/p>\n","protected":false},"author":1,"featured_media":683,"comment_status":"closed","ping_status":"closed","sticky":false,"template":"","format":"standard","meta":{"_acf_changed":false,"footnotes":""},"categories":[36,7,29],"tags":[],"class_list":["post-686","post","type-post","status-publish","format-standard","hentry","category-techtransfer-de","category-video-de","category-interview-de"],"acf":[],"yoast_head":"<!-- This site is optimized with the Yoast SEO plugin v26.9 - https:\/\/yoast.com\/product\/yoast-seo-wordpress\/ -->\n<title>F\u00d6RDERN DER UNTERNEHMERISCHEN KULTUR | fribourg.swiss<\/title>\n<meta name=\"robots\" content=\"index, follow, max-snippet:-1, max-image-preview:large, max-video-preview:-1\" \/>\n<link rel=\"canonical\" href=\"https:\/\/www.fribourg.swiss\/de\/foerdern-der-unternehmerischen-kultur\/\" \/>\n<meta property=\"og:locale\" content=\"de_DE\" \/>\n<meta property=\"og:type\" content=\"article\" \/>\n<meta property=\"og:title\" content=\"F\u00d6RDERN DER UNTERNEHMERISCHEN KULTUR | fribourg.swiss\" \/>\n<meta property=\"og:description\" content=\"[vc_row el_class=&#8220;pt-0&#8243;][vc_column][vc_row_inner][vc_column_inner width=&#8220;2\/12&#8243;][\/vc_column_inner][vc_column_inner width=&#8220;10\/12&#8243;][\/vc_column_inner][\/vc_row_inner][\/vc_column][\/vc_row][vc_row el_class=&#8220;pt-0&#8243;][vc_column][vc_row_inner][vc_column_inner width=&#8220;2\/12&#8243;][\/vc_column_inner][vc_column_inner width=&#8220;10\/12&#8243;][vc_single_image image=&#8220;681&#8243; img_size=&#8220;full&#8220;][vc_column_text][\/vc_column_text][\/vc_column_inner][\/vc_row_inner][\/vc_column][\/vc_row][vc_row el_class=&#8220;pt-0&#8243;][vc_column][vc_row_inner][vc_column_inner width=&#8220;2\/12&#8243;][\/vc_column_inner][vc_column_inner width=&#8220;5\/12&#8243;][vc_column_text]Seit Juni 2019 ist er der neue Direktor der Wirtschaftsf\u00f6rderung Kanton Freiburg (WIF). Mit 50 Jahren blickt Jerry Krattiger auf einen reichen Erfahrungsschatz in Unternehmensf\u00fchrung zur\u00fcck: Der Berner war als Projektleiter im Finanz- und Versicherungswesen t\u00e4tig, gr\u00fcndete eine IT-Firma mit und war operativer Leiter [&hellip;]\" \/>\n<meta property=\"og:url\" content=\"https:\/\/www.fribourg.swiss\/de\/foerdern-der-unternehmerischen-kultur\/\" \/>\n<meta property=\"og:site_name\" content=\"fribourg.swiss\" \/>\n<meta property=\"article:published_time\" content=\"2020-08-28T10:05:14+00:00\" \/>\n<meta property=\"article:modified_time\" content=\"2022-08-16T06:57:13+00:00\" \/>\n<meta property=\"og:image\" content=\"https:\/\/www.fribourg.swiss\/wp-content\/uploads\/2022\/08\/FNF-2020-Jerry-Krattiger-interview-1024x683-1.jpg\" \/>\n\t<meta property=\"og:image:width\" content=\"1024\" \/>\n\t<meta property=\"og:image:height\" content=\"683\" \/>\n\t<meta property=\"og:image:type\" content=\"image\/jpeg\" \/>\n<meta name=\"author\" content=\"admin\" \/>\n<meta name=\"twitter:card\" content=\"summary_large_image\" \/>\n<meta name=\"twitter:label1\" content=\"Verfasst von\" \/>\n\t<meta name=\"twitter:data1\" content=\"admin\" \/>\n\t<meta name=\"twitter:label2\" content=\"Gesch\u00e4tzte Lesezeit\" \/>\n\t<meta name=\"twitter:data2\" content=\"4\u00a0Minuten\" \/>\n<script type=\"application\/ld+json\" class=\"yoast-schema-graph\">{\"@context\":\"https:\/\/schema.org\",\"@graph\":[{\"@type\":\"Article\",\"@id\":\"https:\/\/www.fribourg.swiss\/de\/foerdern-der-unternehmerischen-kultur\/#article\",\"isPartOf\":{\"@id\":\"https:\/\/www.fribourg.swiss\/de\/foerdern-der-unternehmerischen-kultur\/\"},\"author\":{\"name\":\"admin\",\"@id\":\"https:\/\/www.fribourg.swiss\/de\/#\/schema\/person\/226f4a502830354007a9cd73ee48e0e0\"},\"headline\":\"F\u00d6RDERN DER UNTERNEHMERISCHEN KULTUR\",\"datePublished\":\"2020-08-28T10:05:14+00:00\",\"dateModified\":\"2022-08-16T06:57:13+00:00\",\"mainEntityOfPage\":{\"@id\":\"https:\/\/www.fribourg.swiss\/de\/foerdern-der-unternehmerischen-kultur\/\"},\"wordCount\":884,\"publisher\":{\"@id\":\"https:\/\/www.fribourg.swiss\/de\/#organization\"},\"image\":{\"@id\":\"https:\/\/www.fribourg.swiss\/de\/foerdern-der-unternehmerischen-kultur\/#primaryimage\"},\"thumbnailUrl\":\"https:\/\/www.fribourg.swiss\/wp-content\/uploads\/2022\/08\/FNF-2020-Jerry-Krattiger-interview-1024x683-1.jpg\",\"articleSection\":[\"Tech Transfer\",\"Video\",\"Interview\"],\"inLanguage\":\"de\"},{\"@type\":\"WebPage\",\"@id\":\"https:\/\/www.fribourg.swiss\/de\/foerdern-der-unternehmerischen-kultur\/\",\"url\":\"https:\/\/www.fribourg.swiss\/de\/foerdern-der-unternehmerischen-kultur\/\",\"name\":\"F\u00d6RDERN DER UNTERNEHMERISCHEN KULTUR | fribourg.swiss\",\"isPartOf\":{\"@id\":\"https:\/\/www.fribourg.swiss\/de\/#website\"},\"primaryImageOfPage\":{\"@id\":\"https:\/\/www.fribourg.swiss\/de\/foerdern-der-unternehmerischen-kultur\/#primaryimage\"},\"image\":{\"@id\":\"https:\/\/www.fribourg.swiss\/de\/foerdern-der-unternehmerischen-kultur\/#primaryimage\"},\"thumbnailUrl\":\"https:\/\/www.fribourg.swiss\/wp-content\/uploads\/2022\/08\/FNF-2020-Jerry-Krattiger-interview-1024x683-1.jpg\",\"datePublished\":\"2020-08-28T10:05:14+00:00\",\"dateModified\":\"2022-08-16T06:57:13+00:00\",\"breadcrumb\":{\"@id\":\"https:\/\/www.fribourg.swiss\/de\/foerdern-der-unternehmerischen-kultur\/#breadcrumb\"},\"inLanguage\":\"de\",\"potentialAction\":[{\"@type\":\"ReadAction\",\"target\":[\"https:\/\/www.fribourg.swiss\/de\/foerdern-der-unternehmerischen-kultur\/\"]}]},{\"@type\":\"ImageObject\",\"inLanguage\":\"de\",\"@id\":\"https:\/\/www.fribourg.swiss\/de\/foerdern-der-unternehmerischen-kultur\/#primaryimage\",\"url\":\"https:\/\/www.fribourg.swiss\/wp-content\/uploads\/2022\/08\/FNF-2020-Jerry-Krattiger-interview-1024x683-1.jpg\",\"contentUrl\":\"https:\/\/www.fribourg.swiss\/wp-content\/uploads\/2022\/08\/FNF-2020-Jerry-Krattiger-interview-1024x683-1.jpg\",\"width\":1024,\"height\":683,\"caption\":\"\u00a9 St\u00e9phane Schmutz \/ STEMUTZ.COM\"},{\"@type\":\"BreadcrumbList\",\"@id\":\"https:\/\/www.fribourg.swiss\/de\/foerdern-der-unternehmerischen-kultur\/#breadcrumb\",\"itemListElement\":[{\"@type\":\"ListItem\",\"position\":1,\"name\":\"Accueil\",\"item\":\"https:\/\/www.fribourg.swiss\/de\/\"},{\"@type\":\"ListItem\",\"position\":2,\"name\":\"F\u00d6RDERN DER UNTERNEHMERISCHEN KULTUR\"}]},{\"@type\":\"WebSite\",\"@id\":\"https:\/\/www.fribourg.swiss\/de\/#website\",\"url\":\"https:\/\/www.fribourg.swiss\/de\/\",\"name\":\"fribourg.swiss\",\"description\":\"The place to grow\",\"publisher\":{\"@id\":\"https:\/\/www.fribourg.swiss\/de\/#organization\"},\"potentialAction\":[{\"@type\":\"SearchAction\",\"target\":{\"@type\":\"EntryPoint\",\"urlTemplate\":\"https:\/\/www.fribourg.swiss\/de\/?s={search_term_string}\"},\"query-input\":{\"@type\":\"PropertyValueSpecification\",\"valueRequired\":true,\"valueName\":\"search_term_string\"}}],\"inLanguage\":\"de\"},{\"@type\":\"Organization\",\"@id\":\"https:\/\/www.fribourg.swiss\/de\/#organization\",\"name\":\"Fribourg Network Freiburg\",\"url\":\"https:\/\/www.fribourg.swiss\/de\/\",\"logo\":{\"@type\":\"ImageObject\",\"inLanguage\":\"de\",\"@id\":\"https:\/\/www.fribourg.swiss\/de\/#\/schema\/logo\/image\/\",\"url\":\"https:\/\/www.fribourgnetwork.ch\/wp-content\/uploads\/2022\/08\/logo.png\",\"contentUrl\":\"https:\/\/www.fribourgnetwork.ch\/wp-content\/uploads\/2022\/08\/logo.png\",\"width\":270,\"height\":140,\"caption\":\"Fribourg Network Freiburg\"},\"image\":{\"@id\":\"https:\/\/www.fribourg.swiss\/de\/#\/schema\/logo\/image\/\"}},{\"@type\":\"Person\",\"@id\":\"https:\/\/www.fribourg.swiss\/de\/#\/schema\/person\/226f4a502830354007a9cd73ee48e0e0\",\"name\":\"admin\",\"image\":{\"@type\":\"ImageObject\",\"inLanguage\":\"de\",\"@id\":\"https:\/\/www.fribourg.swiss\/de\/#\/schema\/person\/image\/\",\"url\":\"https:\/\/secure.gravatar.com\/avatar\/c3ac499a4889e1320f05a4ae092744c50a82953557bffb65b75e7594f0653ea9?s=96&d=mm&r=g\",\"contentUrl\":\"https:\/\/secure.gravatar.com\/avatar\/c3ac499a4889e1320f05a4ae092744c50a82953557bffb65b75e7594f0653ea9?s=96&d=mm&r=g\",\"caption\":\"admin\"},\"sameAs\":[\"http:\/\/localhost:7314\"]}]}<\/script>\n<!-- \/ Yoast SEO plugin. -->","yoast_head_json":{"title":"F\u00d6RDERN DER UNTERNEHMERISCHEN KULTUR | fribourg.swiss","robots":{"index":"index","follow":"follow","max-snippet":"max-snippet:-1","max-image-preview":"max-image-preview:large","max-video-preview":"max-video-preview:-1"},"canonical":"https:\/\/www.fribourg.swiss\/de\/foerdern-der-unternehmerischen-kultur\/","og_locale":"de_DE","og_type":"article","og_title":"F\u00d6RDERN DER UNTERNEHMERISCHEN KULTUR | fribourg.swiss","og_description":"[vc_row el_class=&#8220;pt-0&#8243;][vc_column][vc_row_inner][vc_column_inner width=&#8220;2\/12&#8243;][\/vc_column_inner][vc_column_inner width=&#8220;10\/12&#8243;][\/vc_column_inner][\/vc_row_inner][\/vc_column][\/vc_row][vc_row el_class=&#8220;pt-0&#8243;][vc_column][vc_row_inner][vc_column_inner width=&#8220;2\/12&#8243;][\/vc_column_inner][vc_column_inner width=&#8220;10\/12&#8243;][vc_single_image image=&#8220;681&#8243; img_size=&#8220;full&#8220;][vc_column_text][\/vc_column_text][\/vc_column_inner][\/vc_row_inner][\/vc_column][\/vc_row][vc_row el_class=&#8220;pt-0&#8243;][vc_column][vc_row_inner][vc_column_inner width=&#8220;2\/12&#8243;][\/vc_column_inner][vc_column_inner width=&#8220;5\/12&#8243;][vc_column_text]Seit Juni 2019 ist er der neue Direktor der Wirtschaftsf\u00f6rderung Kanton Freiburg (WIF). Mit 50 Jahren blickt Jerry Krattiger auf einen reichen Erfahrungsschatz in Unternehmensf\u00fchrung zur\u00fcck: Der Berner war als Projektleiter im Finanz- und Versicherungswesen t\u00e4tig, gr\u00fcndete eine IT-Firma mit und war operativer Leiter [&hellip;]","og_url":"https:\/\/www.fribourg.swiss\/de\/foerdern-der-unternehmerischen-kultur\/","og_site_name":"fribourg.swiss","article_published_time":"2020-08-28T10:05:14+00:00","article_modified_time":"2022-08-16T06:57:13+00:00","og_image":[{"width":1024,"height":683,"url":"https:\/\/www.fribourg.swiss\/wp-content\/uploads\/2022\/08\/FNF-2020-Jerry-Krattiger-interview-1024x683-1.jpg","type":"image\/jpeg"}],"author":"admin","twitter_card":"summary_large_image","twitter_misc":{"Verfasst von":"admin","Gesch\u00e4tzte Lesezeit":"4\u00a0Minuten"},"schema":{"@context":"https:\/\/schema.org","@graph":[{"@type":"Article","@id":"https:\/\/www.fribourg.swiss\/de\/foerdern-der-unternehmerischen-kultur\/#article","isPartOf":{"@id":"https:\/\/www.fribourg.swiss\/de\/foerdern-der-unternehmerischen-kultur\/"},"author":{"name":"admin","@id":"https:\/\/www.fribourg.swiss\/de\/#\/schema\/person\/226f4a502830354007a9cd73ee48e0e0"},"headline":"F\u00d6RDERN DER UNTERNEHMERISCHEN KULTUR","datePublished":"2020-08-28T10:05:14+00:00","dateModified":"2022-08-16T06:57:13+00:00","mainEntityOfPage":{"@id":"https:\/\/www.fribourg.swiss\/de\/foerdern-der-unternehmerischen-kultur\/"},"wordCount":884,"publisher":{"@id":"https:\/\/www.fribourg.swiss\/de\/#organization"},"image":{"@id":"https:\/\/www.fribourg.swiss\/de\/foerdern-der-unternehmerischen-kultur\/#primaryimage"},"thumbnailUrl":"https:\/\/www.fribourg.swiss\/wp-content\/uploads\/2022\/08\/FNF-2020-Jerry-Krattiger-interview-1024x683-1.jpg","articleSection":["Tech Transfer","Video","Interview"],"inLanguage":"de"},{"@type":"WebPage","@id":"https:\/\/www.fribourg.swiss\/de\/foerdern-der-unternehmerischen-kultur\/","url":"https:\/\/www.fribourg.swiss\/de\/foerdern-der-unternehmerischen-kultur\/","name":"F\u00d6RDERN DER UNTERNEHMERISCHEN KULTUR | fribourg.swiss","isPartOf":{"@id":"https:\/\/www.fribourg.swiss\/de\/#website"},"primaryImageOfPage":{"@id":"https:\/\/www.fribourg.swiss\/de\/foerdern-der-unternehmerischen-kultur\/#primaryimage"},"image":{"@id":"https:\/\/www.fribourg.swiss\/de\/foerdern-der-unternehmerischen-kultur\/#primaryimage"},"thumbnailUrl":"https:\/\/www.fribourg.swiss\/wp-content\/uploads\/2022\/08\/FNF-2020-Jerry-Krattiger-interview-1024x683-1.jpg","datePublished":"2020-08-28T10:05:14+00:00","dateModified":"2022-08-16T06:57:13+00:00","breadcrumb":{"@id":"https:\/\/www.fribourg.swiss\/de\/foerdern-der-unternehmerischen-kultur\/#breadcrumb"},"inLanguage":"de","potentialAction":[{"@type":"ReadAction","target":["https:\/\/www.fribourg.swiss\/de\/foerdern-der-unternehmerischen-kultur\/"]}]},{"@type":"ImageObject","inLanguage":"de","@id":"https:\/\/www.fribourg.swiss\/de\/foerdern-der-unternehmerischen-kultur\/#primaryimage","url":"https:\/\/www.fribourg.swiss\/wp-content\/uploads\/2022\/08\/FNF-2020-Jerry-Krattiger-interview-1024x683-1.jpg","contentUrl":"https:\/\/www.fribourg.swiss\/wp-content\/uploads\/2022\/08\/FNF-2020-Jerry-Krattiger-interview-1024x683-1.jpg","width":1024,"height":683,"caption":"\u00a9 St\u00e9phane Schmutz \/ STEMUTZ.COM"},{"@type":"BreadcrumbList","@id":"https:\/\/www.fribourg.swiss\/de\/foerdern-der-unternehmerischen-kultur\/#breadcrumb","itemListElement":[{"@type":"ListItem","position":1,"name":"Accueil","item":"https:\/\/www.fribourg.swiss\/de\/"},{"@type":"ListItem","position":2,"name":"F\u00d6RDERN DER UNTERNEHMERISCHEN KULTUR"}]},{"@type":"WebSite","@id":"https:\/\/www.fribourg.swiss\/de\/#website","url":"https:\/\/www.fribourg.swiss\/de\/","name":"fribourg.swiss","description":"The place to grow","publisher":{"@id":"https:\/\/www.fribourg.swiss\/de\/#organization"},"potentialAction":[{"@type":"SearchAction","target":{"@type":"EntryPoint","urlTemplate":"https:\/\/www.fribourg.swiss\/de\/?s={search_term_string}"},"query-input":{"@type":"PropertyValueSpecification","valueRequired":true,"valueName":"search_term_string"}}],"inLanguage":"de"},{"@type":"Organization","@id":"https:\/\/www.fribourg.swiss\/de\/#organization","name":"Fribourg Network Freiburg","url":"https:\/\/www.fribourg.swiss\/de\/","logo":{"@type":"ImageObject","inLanguage":"de","@id":"https:\/\/www.fribourg.swiss\/de\/#\/schema\/logo\/image\/","url":"https:\/\/www.fribourgnetwork.ch\/wp-content\/uploads\/2022\/08\/logo.png","contentUrl":"https:\/\/www.fribourgnetwork.ch\/wp-content\/uploads\/2022\/08\/logo.png","width":270,"height":140,"caption":"Fribourg Network Freiburg"},"image":{"@id":"https:\/\/www.fribourg.swiss\/de\/#\/schema\/logo\/image\/"}},{"@type":"Person","@id":"https:\/\/www.fribourg.swiss\/de\/#\/schema\/person\/226f4a502830354007a9cd73ee48e0e0","name":"admin","image":{"@type":"ImageObject","inLanguage":"de","@id":"https:\/\/www.fribourg.swiss\/de\/#\/schema\/person\/image\/","url":"https:\/\/secure.gravatar.com\/avatar\/c3ac499a4889e1320f05a4ae092744c50a82953557bffb65b75e7594f0653ea9?s=96&d=mm&r=g","contentUrl":"https:\/\/secure.gravatar.com\/avatar\/c3ac499a4889e1320f05a4ae092744c50a82953557bffb65b75e7594f0653ea9?s=96&d=mm&r=g","caption":"admin"},"sameAs":["http:\/\/localhost:7314"]}]}},"_links":{"self":[{"href":"https:\/\/www.fribourg.swiss\/de\/wp-json\/wp\/v2\/posts\/686","targetHints":{"allow":["GET"]}}],"collection":[{"href":"https:\/\/www.fribourg.swiss\/de\/wp-json\/wp\/v2\/posts"}],"about":[{"href":"https:\/\/www.fribourg.swiss\/de\/wp-json\/wp\/v2\/types\/post"}],"author":[{"embeddable":true,"href":"https:\/\/www.fribourg.swiss\/de\/wp-json\/wp\/v2\/users\/1"}],"replies":[{"embeddable":true,"href":"https:\/\/www.fribourg.swiss\/de\/wp-json\/wp\/v2\/comments?post=686"}],"version-history":[{"count":4,"href":"https:\/\/www.fribourg.swiss\/de\/wp-json\/wp\/v2\/posts\/686\/revisions"}],"predecessor-version":[{"id":822,"href":"https:\/\/www.fribourg.swiss\/de\/wp-json\/wp\/v2\/posts\/686\/revisions\/822"}],"wp:featuredmedia":[{"embeddable":true,"href":"https:\/\/www.fribourg.swiss\/de\/wp-json\/wp\/v2\/media\/683"}],"wp:attachment":[{"href":"https:\/\/www.fribourg.swiss\/de\/wp-json\/wp\/v2\/media?parent=686"}],"wp:term":[{"taxonomy":"category","embeddable":true,"href":"https:\/\/www.fribourg.swiss\/de\/wp-json\/wp\/v2\/categories?post=686"},{"taxonomy":"post_tag","embeddable":true,"href":"https:\/\/www.fribourg.swiss\/de\/wp-json\/wp\/v2\/tags?post=686"}],"curies":[{"name":"wp","href":"https:\/\/api.w.org\/{rel}","templated":true}]}}