{"id":3675,"date":"2025-09-26T12:30:58","date_gmt":"2025-09-26T10:30:58","guid":{"rendered":"https:\/\/www.fribourg.swiss\/?p=3675"},"modified":"2026-03-25T09:41:51","modified_gmt":"2026-03-25T08:41:51","slug":"wow-wenn-freiburg-in-tausend-lichtern-erstrahlt","status":"publish","type":"post","link":"https:\/\/www.fribourg.swiss\/de\/wow-wenn-freiburg-in-tausend-lichtern-erstrahlt\/","title":{"rendered":"WOW! WENN FREIBURG IN TAUSEND LICHTERN ERSTRAHLT"},"content":{"rendered":"<div class=\"wpb-content-wrapper\"><p>[vc_row el_class=&#8220;pt-0&#8243;][vc_column][vc_row_inner][vc_column_inner width=&#8220;2\/12&#8243;][\/vc_column_inner][vc_column_inner width=&#8220;10\/12&#8243;]<div class=\"titre article\">WOW! WENN FREIBURG IN TAUSEND LICHTERN ERSTRAHLT<\/div><div class=\"sous-titre\">MEDIENMITTEILUNG | <span class=\"date\">26.09.2025<\/span><\/div>[\/vc_column_inner][\/vc_row_inner][\/vc_column][\/vc_row][vc_row el_class=&#8220;pt-0&#8243;][vc_column][vc_row_inner][vc_column_inner width=&#8220;2\/12&#8243;][\/vc_column_inner][vc_column_inner width=&#8220;10\/12&#8243;][vc_single_image image=&#8220;3669&#8243; img_size=&#8220;full&#8220; onclick=&#8220;custom_link&#8220; link=&#8220;https:\/\/www.fribourg.swiss\/de\/&#8220;][vc_column_text][\/vc_column_text][\/vc_column_inner][\/vc_row_inner][\/vc_column][\/vc_row][vc_row el_class=&#8220;pt-0&#8243;][vc_column][vc_row_inner][vc_column_inner width=&#8220;2\/12&#8243;][\/vc_column_inner][vc_column_inner width=&#8220;5\/12&#8243;][vc_column_text]<strong>Luxus, Exzellenz und Prestige pr\u00e4gen die Ausgabe 2025 von <em>fribourg.swiss<\/em>, dem offiziellen Magazin der Wirtschaftsf\u00f6rderung Kanton Freiburg (WIF). Zwischen Haute Horlogerie, Zellkosmetik, Design und Gastronomie zeigt diese Ausgabe die Vielfalt an herausragendem Know-how, das die Identit\u00e4t und die internationale Attraktivit\u00e4t des Kantons pr\u00e4gt. Die Lancierung fand auf dem Richemont Campus in Villars-sur-Gl\u00e2ne statt \u2013 ein besonders symboltr\u00e4chtiger Ort, der historisch eng mit diesem Thema verbunden ist.<\/strong><\/p>\n<p>https:\/\/www.youtube.com\/live\/J8WOSRKPXkQ[\/vc_column_text][\/vc_column_inner][vc_column_inner width=&#8220;5\/12&#8243;][vc_column_text]<span lang=\"DE-CH\">Der Kanton Freiburg weiss auch zu \u00fcberraschen. Hinter einer eher schlichten Erscheinung verbirgt sich ein Wirtschaftsgeflecht, in dem Detailtreue, handwerkliche Perfektion und Qualit\u00e4tsanspruch mit Innovation und Kreativit\u00e4t einhergehen.<\/span><\/p>\n<p><span lang=\"DE-CH\">\u00abDer Kanton Freiburg positioniert sich im Universum des High-End-Segments. Diese Entwicklung ist kein Zufall: Sie st\u00fctzt sich auf eine vielf\u00e4ltige Wirtschaft und auf eine Kultur der Exzellenz, die Talente und Unternehmen anzieht. Das er\u00f6ffnet unserem Kanton in der Schweiz wie auch international vielversprechende Perspektiven\u00bb<\/span><span lang=\"DE-CH\">, betont Staatsrat Olivier Curty, Volkswirtschafts- und Berufsbildungsdirektor. Die Ausgabe 2025 von <em>fribourg.swiss<\/em> beleuchtet diese Dynamiken und offenbart eine High-End-Welt, die zur wachsenden Ausstrahlung des Kantons beitr\u00e4gt.<\/span><\/p>\n<p><span lang=\"DE-CH\">Seit 2001 unter dem Namen Fribourg Network Freiburg publiziert, tritt die Zeitschrift zu ihrer 25. Jubil\u00e4umsausgabe mit neuem Namen und neuem Logo auf. Damit will sie ihre internationale Sichtbarkeit verst\u00e4rken und die Positionierung des Kantons im Bereich der Exzellenz unterstreichen.<\/span><\/p>\n<p><span lang=\"DE-CH\">\u00abFreiburg ist eine Heimat von Werten, aber auch eine Heimat von Wert: greifbar, \u00fcber die Jahre gewachsen und getragen vom diskreten Ehrgeiz seiner Akteure. Das ist kein k\u00fcnstlich geschaffenes Image, sondern eine Realit\u00e4t, die es anzuerkennen gilt\u00bb<\/span><span lang=\"DE-CH\">, erkl\u00e4rt Jerry Krattiger, Direktor der WIF.<\/span><\/p>\n<p><strong><span lang=\"DE-CH\">Von Cartier bis Rolex, \u00fcber Cellcosmet und Gainerie Moderne <\/span><\/strong><\/p>\n<p><span lang=\"DE-CH\">Unter den Schwerpunktthemen nimmt die Uhrenindustrie einen besonderen Platz ein \u2013 mit vier exemplarischen Geschichten: Cartier, seit \u00fcber 50 Jahren in Villars-sur-Gl\u00e2ne ans\u00e4ssig; Rolex, mit dem Bau einer Manufaktur von \u00fcber 100\u2019000 m\u00b2 in Bulle; Mauron Musy, ein unabh\u00e4ngiges Unternehmen mit seinem patentierten nO-Ring\u00ae-System; sowie Mestel, der Freiburger Spezialist f\u00fcr High-End-Armb\u00e4nder.<\/span><\/p>\n<p><span lang=\"DE-CH\">In der Kosmetik verk\u00f6rpern Cellap Laboratoire und Margy\u2019s wissenschaftliche Pr\u00e4zision und Raffinesse, w\u00e4hrend Gainerie Moderne das Freiburger Know-how im Luxus-Designpackaging zeigt. Handwerksbetriebe wie Bruno Yerly oder Chalet Schuwey veredeln zudem Holz f\u00fcr eine internationale Kundschaft.<\/span><\/p>\n<p><span lang=\"DE-CH\">Das Magazin widmet sich auch den Gourmet-St\u00e4rken der Region, mit besonderem Fokus auf Schokolade \u2013 ein weiteres Aush\u00e4ngeschild der Freiburger Exzellenz \u2013 sowie auf Gastronomie, vertreten durch Spitzenk\u00f6che wie Romain Paillereau (Les Trois Tours). Erg\u00e4nzt wird dieses Panorama durch Textil und Mode, die die kreative Vitalit\u00e4t und den Reichtum des Freiburger Know-hows best\u00e4tigen. All diese Bereiche zeigen, wie Freiburg Tradition und Ambition vereint.<\/span><\/p>\n<p><strong><span lang=\"DE-CH\">Der Richemont Campus als Gastgeber der Lancierung<\/span><\/strong><\/p>\n<p><span lang=\"DE-CH\">Die 25. Ausgabe von <em>fribourg.swiss<\/em> wurde am Freitag, 26. September 2025, auf dem Richemont Campus in Villars-sur-Gl\u00e2ne vorgestellt. Nach den Begr\u00fcssungsworten von Jerry Krattiger (WIF) kamen Edgar Vandel (Site Director) und Olivier Curty (Staatsrat f\u00fcr Wirtschaft) ins Gespr\u00e4ch.<\/span><\/p>\n<p><span lang=\"DE-CH\">Anschliessend gab Philippe Vignon (Glion Institute of Higher Education) Einblicke in die Trends im Luxusbereich, bevor eine Podiumsdiskussion zu Exzellenz-Strategien folgte \u2013 mit Alia Adi (Maison Amarella), Tancr\u00e8de Amacker (Cellap Laboratoire), Suzanne L\u00e9vesque (Richemont International) und Mik\u00e8le Landry (Glion Institute of Higher Education).<\/span><\/p>\n<p><span lang=\"DE-CH\">Der Anlass endete mit der Verteilung der Ausgabe 2025 des Magazins.<\/span><\/p>\n<div style=\"border: 1px solid #000; background-color: #f9f9f9; padding: 15px; margin: 20px 0;\">\n<p><strong><em>fribourg.swiss<\/em> \u2013 Wirtschaftliche und internationale Visitenkarte des Kantons<\/strong><\/p>\n<p>Als offizielles Magazin der Wirtschaftsf\u00f6rderung Kanton Freiburg (WIF) wurde <em>fribourg.swiss<\/em> im Jahr 2001 unter dem Namen <em>Fribourg Network Freiburg<\/em> lanciert und erh\u00e4lt 2025 eine klarere, internationalere Identit\u00e4t.<\/p>\n<p>Die j\u00e4hrliche Publikation stellt die St\u00e4rken des Kantons anhand seiner Unternehmen, Bildungsinstitutionen (Universit\u00e4t und Fachhochschulen), Innovationsstandorte und Kompetenzzentren dar. In den letzten Jahren beleuchtete sie strategische Themen f\u00fcr den Kanton, wie die Biowirtschaft, Industrie 4.0, Technologietransfer, Bauwesen und Life Sciences.<\/p>\n<p><em>fribourg.swiss<\/em> erscheint in digitaler Version (Deutsch, Franz\u00f6sisch und Englisch) sowie in gedruckter Form (nur Englisch, Auflage 2000 Exemplare). Das Magazin wird an internationale Wirtschaftskreise, Schweizer Botschaften und Konsulate im Ausland sowie an f\u00fchrende Wirtschaftsagenturen und Treuhandgesellschaften in Europa, Amerika und Asien verteilt.<\/p>\n<p>Die Ausgabe 2025 von <em>fribourg.swiss<\/em> ist ab dem 26. September 2025 verf\u00fcgbar.<\/p>\n<\/div>\n<p>[\/vc_column_text][\/vc_column_inner][\/vc_row_inner][\/vc_column][\/vc_row][vc_row][vc_column][vc_gallery type=&#8220;image_grid&#8220; images=&#8220;3901,3904,3907,3910,3913,3917,3920,3923,3926,3929,3932,3935,3938,3941,3944,3947,3950,3953,3956,3959,3962,3965,3968,3971,3974,3977,3980,3983&#8243;][\/vc_column][\/vc_row][vc_row][vc_column][\/vc_column][\/vc_row]<\/p>\n<\/div>","protected":false},"excerpt":{"rendered":"<p>[vc_row el_class=&#8220;pt-0&#8243;][vc_column][vc_row_inner][vc_column_inner width=&#8220;2\/12&#8243;][\/vc_column_inner][vc_column_inner width=&#8220;10\/12&#8243;][\/vc_column_inner][\/vc_row_inner][\/vc_column][\/vc_row][vc_row el_class=&#8220;pt-0&#8243;][vc_column][vc_row_inner][vc_column_inner width=&#8220;2\/12&#8243;][\/vc_column_inner][vc_column_inner width=&#8220;10\/12&#8243;][vc_single_image image=&#8220;3669&#8243; img_size=&#8220;full&#8220; onclick=&#8220;custom_link&#8220; link=&#8220;https:\/\/www.fribourg.swiss\/de\/&#8220;][vc_column_text][\/vc_column_text][\/vc_column_inner][\/vc_row_inner][\/vc_column][\/vc_row][vc_row el_class=&#8220;pt-0&#8243;][vc_column][vc_row_inner][vc_column_inner width=&#8220;2\/12&#8243;][\/vc_column_inner][vc_column_inner width=&#8220;5\/12&#8243;][vc_column_text]Luxus, Exzellenz und Prestige pr\u00e4gen die Ausgabe 2025 von fribourg.swiss, dem offiziellen Magazin der Wirtschaftsf\u00f6rderung Kanton Freiburg (WIF). Zwischen Haute Horlogerie, Zellkosmetik, Design und Gastronomie zeigt diese Ausgabe die Vielfalt an herausragendem Know-how, das die Identit\u00e4t und die internationale Attraktivit\u00e4t des Kantons [&hellip;]<\/p>\n","protected":false},"author":1,"featured_media":3671,"comment_status":"closed","ping_status":"closed","sticky":false,"template":"","format":"standard","meta":{"_acf_changed":false,"footnotes":""},"categories":[41,59],"tags":[],"class_list":["post-3675","post","type-post","status-publish","format-standard","hentry","category-medienmitteilungen","category-luxe-de"],"acf":[],"yoast_head":"<!-- This site is optimized with the Yoast SEO plugin v26.9 - https:\/\/yoast.com\/product\/yoast-seo-wordpress\/ -->\n<title>WOW! WENN FREIBURG IN TAUSEND LICHTERN ERSTRAHLT | fribourg.swiss<\/title>\n<meta name=\"robots\" content=\"index, follow, max-snippet:-1, max-image-preview:large, max-video-preview:-1\" \/>\n<link rel=\"canonical\" href=\"https:\/\/www.fribourg.swiss\/de\/wow-wenn-freiburg-in-tausend-lichtern-erstrahlt\/\" \/>\n<meta property=\"og:locale\" content=\"de_DE\" \/>\n<meta property=\"og:type\" content=\"article\" \/>\n<meta property=\"og:title\" content=\"WOW! WENN FREIBURG IN TAUSEND LICHTERN ERSTRAHLT | fribourg.swiss\" \/>\n<meta property=\"og:description\" content=\"[vc_row el_class=&#8220;pt-0&#8243;][vc_column][vc_row_inner][vc_column_inner width=&#8220;2\/12&#8243;][\/vc_column_inner][vc_column_inner width=&#8220;10\/12&#8243;][\/vc_column_inner][\/vc_row_inner][\/vc_column][\/vc_row][vc_row el_class=&#8220;pt-0&#8243;][vc_column][vc_row_inner][vc_column_inner width=&#8220;2\/12&#8243;][\/vc_column_inner][vc_column_inner width=&#8220;10\/12&#8243;][vc_single_image image=&#8220;3669&#8243; img_size=&#8220;full&#8220; onclick=&#8220;custom_link&#8220; link=&#8220;https:\/\/www.fribourg.swiss\/de\/&#8220;][vc_column_text][\/vc_column_text][\/vc_column_inner][\/vc_row_inner][\/vc_column][\/vc_row][vc_row el_class=&#8220;pt-0&#8243;][vc_column][vc_row_inner][vc_column_inner width=&#8220;2\/12&#8243;][\/vc_column_inner][vc_column_inner width=&#8220;5\/12&#8243;][vc_column_text]Luxus, Exzellenz und Prestige pr\u00e4gen die Ausgabe 2025 von fribourg.swiss, dem offiziellen Magazin der Wirtschaftsf\u00f6rderung Kanton Freiburg (WIF). Zwischen Haute Horlogerie, Zellkosmetik, Design und Gastronomie zeigt diese Ausgabe die Vielfalt an herausragendem Know-how, das die Identit\u00e4t und die internationale Attraktivit\u00e4t des Kantons [&hellip;]\" \/>\n<meta property=\"og:url\" content=\"https:\/\/www.fribourg.swiss\/de\/wow-wenn-freiburg-in-tausend-lichtern-erstrahlt\/\" \/>\n<meta property=\"og:site_name\" content=\"fribourg.swiss\" \/>\n<meta property=\"article:published_time\" content=\"2025-09-26T10:30:58+00:00\" \/>\n<meta property=\"article:modified_time\" content=\"2026-03-25T08:41:51+00:00\" \/>\n<meta property=\"og:image\" content=\"https:\/\/www.fribourg.swiss\/wp-content\/uploads\/2025\/09\/FS2025_cover-and-page-web.jpg\" \/>\n\t<meta property=\"og:image:width\" content=\"1500\" \/>\n\t<meta property=\"og:image:height\" content=\"1029\" \/>\n\t<meta property=\"og:image:type\" content=\"image\/jpeg\" \/>\n<meta name=\"author\" content=\"admin\" \/>\n<meta name=\"twitter:card\" content=\"summary_large_image\" \/>\n<meta name=\"twitter:label1\" content=\"Verfasst von\" \/>\n\t<meta name=\"twitter:data1\" content=\"admin\" \/>\n\t<meta name=\"twitter:label2\" content=\"Gesch\u00e4tzte Lesezeit\" \/>\n\t<meta name=\"twitter:data2\" content=\"10\u00a0Minuten\" \/>\n<script type=\"application\/ld+json\" class=\"yoast-schema-graph\">{\"@context\":\"https:\/\/schema.org\",\"@graph\":[{\"@type\":\"Article\",\"@id\":\"https:\/\/www.fribourg.swiss\/de\/wow-wenn-freiburg-in-tausend-lichtern-erstrahlt\/#article\",\"isPartOf\":{\"@id\":\"https:\/\/www.fribourg.swiss\/de\/wow-wenn-freiburg-in-tausend-lichtern-erstrahlt\/\"},\"author\":{\"name\":\"admin\",\"@id\":\"https:\/\/www.fribourg.swiss\/de\/#\/schema\/person\/226f4a502830354007a9cd73ee48e0e0\"},\"headline\":\"WOW! WENN FREIBURG IN TAUSEND LICHTERN ERSTRAHLT\",\"datePublished\":\"2025-09-26T10:30:58+00:00\",\"dateModified\":\"2026-03-25T08:41:51+00:00\",\"mainEntityOfPage\":{\"@id\":\"https:\/\/www.fribourg.swiss\/de\/wow-wenn-freiburg-in-tausend-lichtern-erstrahlt\/\"},\"wordCount\":842,\"publisher\":{\"@id\":\"https:\/\/www.fribourg.swiss\/de\/#organization\"},\"image\":{\"@id\":\"https:\/\/www.fribourg.swiss\/de\/wow-wenn-freiburg-in-tausend-lichtern-erstrahlt\/#primaryimage\"},\"thumbnailUrl\":\"https:\/\/www.fribourg.swiss\/wp-content\/uploads\/2025\/09\/FS2025_cover-and-page-web.jpg\",\"articleSection\":[\"Medienmitteilungen\",\"Luxus\"],\"inLanguage\":\"de\"},{\"@type\":\"WebPage\",\"@id\":\"https:\/\/www.fribourg.swiss\/de\/wow-wenn-freiburg-in-tausend-lichtern-erstrahlt\/\",\"url\":\"https:\/\/www.fribourg.swiss\/de\/wow-wenn-freiburg-in-tausend-lichtern-erstrahlt\/\",\"name\":\"WOW! WENN FREIBURG IN TAUSEND LICHTERN ERSTRAHLT | fribourg.swiss\",\"isPartOf\":{\"@id\":\"https:\/\/www.fribourg.swiss\/de\/#website\"},\"primaryImageOfPage\":{\"@id\":\"https:\/\/www.fribourg.swiss\/de\/wow-wenn-freiburg-in-tausend-lichtern-erstrahlt\/#primaryimage\"},\"image\":{\"@id\":\"https:\/\/www.fribourg.swiss\/de\/wow-wenn-freiburg-in-tausend-lichtern-erstrahlt\/#primaryimage\"},\"thumbnailUrl\":\"https:\/\/www.fribourg.swiss\/wp-content\/uploads\/2025\/09\/FS2025_cover-and-page-web.jpg\",\"datePublished\":\"2025-09-26T10:30:58+00:00\",\"dateModified\":\"2026-03-25T08:41:51+00:00\",\"breadcrumb\":{\"@id\":\"https:\/\/www.fribourg.swiss\/de\/wow-wenn-freiburg-in-tausend-lichtern-erstrahlt\/#breadcrumb\"},\"inLanguage\":\"de\",\"potentialAction\":[{\"@type\":\"ReadAction\",\"target\":[\"https:\/\/www.fribourg.swiss\/de\/wow-wenn-freiburg-in-tausend-lichtern-erstrahlt\/\"]}]},{\"@type\":\"ImageObject\",\"inLanguage\":\"de\",\"@id\":\"https:\/\/www.fribourg.swiss\/de\/wow-wenn-freiburg-in-tausend-lichtern-erstrahlt\/#primaryimage\",\"url\":\"https:\/\/www.fribourg.swiss\/wp-content\/uploads\/2025\/09\/FS2025_cover-and-page-web.jpg\",\"contentUrl\":\"https:\/\/www.fribourg.swiss\/wp-content\/uploads\/2025\/09\/FS2025_cover-and-page-web.jpg\",\"width\":1500,\"height\":1029},{\"@type\":\"BreadcrumbList\",\"@id\":\"https:\/\/www.fribourg.swiss\/de\/wow-wenn-freiburg-in-tausend-lichtern-erstrahlt\/#breadcrumb\",\"itemListElement\":[{\"@type\":\"ListItem\",\"position\":1,\"name\":\"Accueil\",\"item\":\"https:\/\/www.fribourg.swiss\/de\/\"},{\"@type\":\"ListItem\",\"position\":2,\"name\":\"WOW! WENN FREIBURG IN TAUSEND LICHTERN ERSTRAHLT\"}]},{\"@type\":\"WebSite\",\"@id\":\"https:\/\/www.fribourg.swiss\/de\/#website\",\"url\":\"https:\/\/www.fribourg.swiss\/de\/\",\"name\":\"fribourg.swiss\",\"description\":\"The place to grow\",\"publisher\":{\"@id\":\"https:\/\/www.fribourg.swiss\/de\/#organization\"},\"potentialAction\":[{\"@type\":\"SearchAction\",\"target\":{\"@type\":\"EntryPoint\",\"urlTemplate\":\"https:\/\/www.fribourg.swiss\/de\/?s={search_term_string}\"},\"query-input\":{\"@type\":\"PropertyValueSpecification\",\"valueRequired\":true,\"valueName\":\"search_term_string\"}}],\"inLanguage\":\"de\"},{\"@type\":\"Organization\",\"@id\":\"https:\/\/www.fribourg.swiss\/de\/#organization\",\"name\":\"Fribourg Network Freiburg\",\"url\":\"https:\/\/www.fribourg.swiss\/de\/\",\"logo\":{\"@type\":\"ImageObject\",\"inLanguage\":\"de\",\"@id\":\"https:\/\/www.fribourg.swiss\/de\/#\/schema\/logo\/image\/\",\"url\":\"https:\/\/www.fribourgnetwork.ch\/wp-content\/uploads\/2022\/08\/logo.png\",\"contentUrl\":\"https:\/\/www.fribourgnetwork.ch\/wp-content\/uploads\/2022\/08\/logo.png\",\"width\":270,\"height\":140,\"caption\":\"Fribourg Network Freiburg\"},\"image\":{\"@id\":\"https:\/\/www.fribourg.swiss\/de\/#\/schema\/logo\/image\/\"}},{\"@type\":\"Person\",\"@id\":\"https:\/\/www.fribourg.swiss\/de\/#\/schema\/person\/226f4a502830354007a9cd73ee48e0e0\",\"name\":\"admin\",\"image\":{\"@type\":\"ImageObject\",\"inLanguage\":\"de\",\"@id\":\"https:\/\/www.fribourg.swiss\/de\/#\/schema\/person\/image\/\",\"url\":\"https:\/\/secure.gravatar.com\/avatar\/c3ac499a4889e1320f05a4ae092744c50a82953557bffb65b75e7594f0653ea9?s=96&d=mm&r=g\",\"contentUrl\":\"https:\/\/secure.gravatar.com\/avatar\/c3ac499a4889e1320f05a4ae092744c50a82953557bffb65b75e7594f0653ea9?s=96&d=mm&r=g\",\"caption\":\"admin\"},\"sameAs\":[\"http:\/\/localhost:7314\"]}]}<\/script>\n<!-- \/ Yoast SEO plugin. -->","yoast_head_json":{"title":"WOW! WENN FREIBURG IN TAUSEND LICHTERN ERSTRAHLT | fribourg.swiss","robots":{"index":"index","follow":"follow","max-snippet":"max-snippet:-1","max-image-preview":"max-image-preview:large","max-video-preview":"max-video-preview:-1"},"canonical":"https:\/\/www.fribourg.swiss\/de\/wow-wenn-freiburg-in-tausend-lichtern-erstrahlt\/","og_locale":"de_DE","og_type":"article","og_title":"WOW! WENN FREIBURG IN TAUSEND LICHTERN ERSTRAHLT | fribourg.swiss","og_description":"[vc_row el_class=&#8220;pt-0&#8243;][vc_column][vc_row_inner][vc_column_inner width=&#8220;2\/12&#8243;][\/vc_column_inner][vc_column_inner width=&#8220;10\/12&#8243;][\/vc_column_inner][\/vc_row_inner][\/vc_column][\/vc_row][vc_row el_class=&#8220;pt-0&#8243;][vc_column][vc_row_inner][vc_column_inner width=&#8220;2\/12&#8243;][\/vc_column_inner][vc_column_inner width=&#8220;10\/12&#8243;][vc_single_image image=&#8220;3669&#8243; img_size=&#8220;full&#8220; onclick=&#8220;custom_link&#8220; link=&#8220;https:\/\/www.fribourg.swiss\/de\/&#8220;][vc_column_text][\/vc_column_text][\/vc_column_inner][\/vc_row_inner][\/vc_column][\/vc_row][vc_row el_class=&#8220;pt-0&#8243;][vc_column][vc_row_inner][vc_column_inner width=&#8220;2\/12&#8243;][\/vc_column_inner][vc_column_inner width=&#8220;5\/12&#8243;][vc_column_text]Luxus, Exzellenz und Prestige pr\u00e4gen die Ausgabe 2025 von fribourg.swiss, dem offiziellen Magazin der Wirtschaftsf\u00f6rderung Kanton Freiburg (WIF). Zwischen Haute Horlogerie, Zellkosmetik, Design und Gastronomie zeigt diese Ausgabe die Vielfalt an herausragendem Know-how, das die Identit\u00e4t und die internationale Attraktivit\u00e4t des Kantons [&hellip;]","og_url":"https:\/\/www.fribourg.swiss\/de\/wow-wenn-freiburg-in-tausend-lichtern-erstrahlt\/","og_site_name":"fribourg.swiss","article_published_time":"2025-09-26T10:30:58+00:00","article_modified_time":"2026-03-25T08:41:51+00:00","og_image":[{"width":1500,"height":1029,"url":"https:\/\/www.fribourg.swiss\/wp-content\/uploads\/2025\/09\/FS2025_cover-and-page-web.jpg","type":"image\/jpeg"}],"author":"admin","twitter_card":"summary_large_image","twitter_misc":{"Verfasst von":"admin","Gesch\u00e4tzte Lesezeit":"10\u00a0Minuten"},"schema":{"@context":"https:\/\/schema.org","@graph":[{"@type":"Article","@id":"https:\/\/www.fribourg.swiss\/de\/wow-wenn-freiburg-in-tausend-lichtern-erstrahlt\/#article","isPartOf":{"@id":"https:\/\/www.fribourg.swiss\/de\/wow-wenn-freiburg-in-tausend-lichtern-erstrahlt\/"},"author":{"name":"admin","@id":"https:\/\/www.fribourg.swiss\/de\/#\/schema\/person\/226f4a502830354007a9cd73ee48e0e0"},"headline":"WOW! WENN FREIBURG IN TAUSEND LICHTERN ERSTRAHLT","datePublished":"2025-09-26T10:30:58+00:00","dateModified":"2026-03-25T08:41:51+00:00","mainEntityOfPage":{"@id":"https:\/\/www.fribourg.swiss\/de\/wow-wenn-freiburg-in-tausend-lichtern-erstrahlt\/"},"wordCount":842,"publisher":{"@id":"https:\/\/www.fribourg.swiss\/de\/#organization"},"image":{"@id":"https:\/\/www.fribourg.swiss\/de\/wow-wenn-freiburg-in-tausend-lichtern-erstrahlt\/#primaryimage"},"thumbnailUrl":"https:\/\/www.fribourg.swiss\/wp-content\/uploads\/2025\/09\/FS2025_cover-and-page-web.jpg","articleSection":["Medienmitteilungen","Luxus"],"inLanguage":"de"},{"@type":"WebPage","@id":"https:\/\/www.fribourg.swiss\/de\/wow-wenn-freiburg-in-tausend-lichtern-erstrahlt\/","url":"https:\/\/www.fribourg.swiss\/de\/wow-wenn-freiburg-in-tausend-lichtern-erstrahlt\/","name":"WOW! WENN FREIBURG IN TAUSEND LICHTERN ERSTRAHLT | fribourg.swiss","isPartOf":{"@id":"https:\/\/www.fribourg.swiss\/de\/#website"},"primaryImageOfPage":{"@id":"https:\/\/www.fribourg.swiss\/de\/wow-wenn-freiburg-in-tausend-lichtern-erstrahlt\/#primaryimage"},"image":{"@id":"https:\/\/www.fribourg.swiss\/de\/wow-wenn-freiburg-in-tausend-lichtern-erstrahlt\/#primaryimage"},"thumbnailUrl":"https:\/\/www.fribourg.swiss\/wp-content\/uploads\/2025\/09\/FS2025_cover-and-page-web.jpg","datePublished":"2025-09-26T10:30:58+00:00","dateModified":"2026-03-25T08:41:51+00:00","breadcrumb":{"@id":"https:\/\/www.fribourg.swiss\/de\/wow-wenn-freiburg-in-tausend-lichtern-erstrahlt\/#breadcrumb"},"inLanguage":"de","potentialAction":[{"@type":"ReadAction","target":["https:\/\/www.fribourg.swiss\/de\/wow-wenn-freiburg-in-tausend-lichtern-erstrahlt\/"]}]},{"@type":"ImageObject","inLanguage":"de","@id":"https:\/\/www.fribourg.swiss\/de\/wow-wenn-freiburg-in-tausend-lichtern-erstrahlt\/#primaryimage","url":"https:\/\/www.fribourg.swiss\/wp-content\/uploads\/2025\/09\/FS2025_cover-and-page-web.jpg","contentUrl":"https:\/\/www.fribourg.swiss\/wp-content\/uploads\/2025\/09\/FS2025_cover-and-page-web.jpg","width":1500,"height":1029},{"@type":"BreadcrumbList","@id":"https:\/\/www.fribourg.swiss\/de\/wow-wenn-freiburg-in-tausend-lichtern-erstrahlt\/#breadcrumb","itemListElement":[{"@type":"ListItem","position":1,"name":"Accueil","item":"https:\/\/www.fribourg.swiss\/de\/"},{"@type":"ListItem","position":2,"name":"WOW! WENN FREIBURG IN TAUSEND LICHTERN ERSTRAHLT"}]},{"@type":"WebSite","@id":"https:\/\/www.fribourg.swiss\/de\/#website","url":"https:\/\/www.fribourg.swiss\/de\/","name":"fribourg.swiss","description":"The place to grow","publisher":{"@id":"https:\/\/www.fribourg.swiss\/de\/#organization"},"potentialAction":[{"@type":"SearchAction","target":{"@type":"EntryPoint","urlTemplate":"https:\/\/www.fribourg.swiss\/de\/?s={search_term_string}"},"query-input":{"@type":"PropertyValueSpecification","valueRequired":true,"valueName":"search_term_string"}}],"inLanguage":"de"},{"@type":"Organization","@id":"https:\/\/www.fribourg.swiss\/de\/#organization","name":"Fribourg Network Freiburg","url":"https:\/\/www.fribourg.swiss\/de\/","logo":{"@type":"ImageObject","inLanguage":"de","@id":"https:\/\/www.fribourg.swiss\/de\/#\/schema\/logo\/image\/","url":"https:\/\/www.fribourgnetwork.ch\/wp-content\/uploads\/2022\/08\/logo.png","contentUrl":"https:\/\/www.fribourgnetwork.ch\/wp-content\/uploads\/2022\/08\/logo.png","width":270,"height":140,"caption":"Fribourg Network Freiburg"},"image":{"@id":"https:\/\/www.fribourg.swiss\/de\/#\/schema\/logo\/image\/"}},{"@type":"Person","@id":"https:\/\/www.fribourg.swiss\/de\/#\/schema\/person\/226f4a502830354007a9cd73ee48e0e0","name":"admin","image":{"@type":"ImageObject","inLanguage":"de","@id":"https:\/\/www.fribourg.swiss\/de\/#\/schema\/person\/image\/","url":"https:\/\/secure.gravatar.com\/avatar\/c3ac499a4889e1320f05a4ae092744c50a82953557bffb65b75e7594f0653ea9?s=96&d=mm&r=g","contentUrl":"https:\/\/secure.gravatar.com\/avatar\/c3ac499a4889e1320f05a4ae092744c50a82953557bffb65b75e7594f0653ea9?s=96&d=mm&r=g","caption":"admin"},"sameAs":["http:\/\/localhost:7314"]}]}},"_links":{"self":[{"href":"https:\/\/www.fribourg.swiss\/de\/wp-json\/wp\/v2\/posts\/3675","targetHints":{"allow":["GET"]}}],"collection":[{"href":"https:\/\/www.fribourg.swiss\/de\/wp-json\/wp\/v2\/posts"}],"about":[{"href":"https:\/\/www.fribourg.swiss\/de\/wp-json\/wp\/v2\/types\/post"}],"author":[{"embeddable":true,"href":"https:\/\/www.fribourg.swiss\/de\/wp-json\/wp\/v2\/users\/1"}],"replies":[{"embeddable":true,"href":"https:\/\/www.fribourg.swiss\/de\/wp-json\/wp\/v2\/comments?post=3675"}],"version-history":[{"count":11,"href":"https:\/\/www.fribourg.swiss\/de\/wp-json\/wp\/v2\/posts\/3675\/revisions"}],"predecessor-version":[{"id":4158,"href":"https:\/\/www.fribourg.swiss\/de\/wp-json\/wp\/v2\/posts\/3675\/revisions\/4158"}],"wp:featuredmedia":[{"embeddable":true,"href":"https:\/\/www.fribourg.swiss\/de\/wp-json\/wp\/v2\/media\/3671"}],"wp:attachment":[{"href":"https:\/\/www.fribourg.swiss\/de\/wp-json\/wp\/v2\/media?parent=3675"}],"wp:term":[{"taxonomy":"category","embeddable":true,"href":"https:\/\/www.fribourg.swiss\/de\/wp-json\/wp\/v2\/categories?post=3675"},{"taxonomy":"post_tag","embeddable":true,"href":"https:\/\/www.fribourg.swiss\/de\/wp-json\/wp\/v2\/tags?post=3675"}],"curies":[{"name":"wp","href":"https:\/\/api.w.org\/{rel}","templated":true}]}}