{"id":2521,"date":"2023-09-05T09:54:13","date_gmt":"2023-09-05T07:54:13","guid":{"rendered":"https:\/\/www.fribourgnetwork.ch\/?p=2521"},"modified":"2023-09-06T13:11:47","modified_gmt":"2023-09-06T11:11:47","slug":"freiburg-erobert-sich-einen-platz-an-der-sonne","status":"publish","type":"post","link":"https:\/\/www.fribourg.swiss\/de\/freiburg-erobert-sich-einen-platz-an-der-sonne\/","title":{"rendered":"FREIBURG EROBERT SICH EINEN PLATZ AN DER SONNE"},"content":{"rendered":"<div class=\"wpb-content-wrapper\"><p>[vc_row el_class=&#8220;pt-0&#8243;][vc_column][vc_row_inner][vc_column_inner width=&#8220;2\/12&#8243;][\/vc_column_inner][vc_column_inner width=&#8220;10\/12&#8243;]<div class=\"titre article\">FREIBURG EROBERT SICH EINEN PLATZ AN DER SONNE<\/div><div class=\"sous-titre\">Photovolta\u00efque | <span class=\"date\">06.09.2023<\/span><\/div>[\/vc_column_inner][\/vc_row_inner][\/vc_column][\/vc_row][vc_row el_class=&#8220;pt-0&#8243;][vc_column][vc_row_inner][vc_column_inner width=&#8220;2\/12&#8243;][\/vc_column_inner][vc_column_inner width=&#8220;10\/12&#8243;][vc_single_image image=&#8220;2515&#8243; img_size=&#8220;full&#8220;][vc_column_text]Architekten auf der ganzen Welt sind von der Technologie von Kromatix begeistert, ein Beispiel daf\u00fcr ist das Innovation Centre des Red River College in Winnipeg, Kanada.[\/vc_column_text][\/vc_column_inner][\/vc_row_inner][\/vc_column][\/vc_row][vc_row el_class=&#8220;pt-0&#8243;][vc_column][vc_row_inner][vc_column_inner width=&#8220;2\/12&#8243;][\/vc_column_inner][vc_column_inner width=&#8220;5\/12&#8243;][vc_column_text]<strong>Innovative Unternehmen, ein kreativer Geist und ein hohes Ausbildungsniveau: Die Fotovoltaik hat im Kanton Freiburg eine gl\u00e4nzende Zukunft.<\/strong><\/p>\n<p><strong>Soleol, eines der f\u00fchrenden Solarenergieunternehmen der Schweiz, wurde 2008 von Jean-Louis Guillet gegr\u00fcndet, der vom ausgebildeten Milchtechnologen zum erfolgreichen Unternehmer wurde. Die Freiburger Firma betreibt unter anderem in Onnens (Waadt) die gr\u00f6sste Fotovoltaikanlage der Schweiz. Mit einer Fl\u00e4che von 50&#8217;500 m<sup>2<\/sup>, was sieben Fussballfeldern entspricht, erzeugt die Anlage genug Strom, um 2&#8217;300 Haushalte zu versorgen. \u00abWir standen vor einer ganzen Reihe technischer Herausforderungen, angefangen bei der Entwicklung von Solarpanels, die 30 % leichter als herk\u00f6mmliche Panels sind, damit die bestehende Geb\u00e4udestruktur das Gewicht der Anlage tragen konnte.\u00bb<\/strong>[\/vc_column_text]<div class='row'><div class='col-lg-12 module-buttons 0'><a href='https:\/\/soleol.ch\/' class='button' target='_blank'>www.soleol.ch<\/a><br \/><a href='https:\/\/kromatix.com\/' class='button' target='_blank'>www.kromatix.com<\/a><br \/><a href='https:\/\/www.groupe-e.ch' class='button' target='_blank'>www.groupe-e.ch<\/a><br \/><\/div><\/div>[\/vc_column_inner][vc_column_inner width=&#8220;5\/12&#8243;][vc_column_text]Nach diesem Grossprojekt, das im Jahr 2016 abgeschlossen wurde, widmete sich Guillet dem Solar-Contracting, bei dem D\u00e4cher an Dritte vermietet werden, um dort Solarpanels anzubringen. Soleol k\u00fcmmert sich um die Installation, den technischen Betrieb und die Wartung, w\u00e4hrend der Besitzer des Geb\u00e4udes von g\u00fcnstigem Strom und Mieteinnahmen profitiert, ohne selbst einen einzigen Franken investieren zu m\u00fcssen. \u00abWir waren unter den ersten, die dieses Gesch\u00e4ftsmodell in der Schweiz entwickelt haben\u00bb, sagt Jean-Louis Guillet. Der \u00e4usserst wachstumsstarke Markt erf\u00e4hrt derzeit einen wahren Boom. \u00ab2023 d\u00fcrften wir die Marke von 1000 Anlagen \u00fcberschreiten. Und wir erhalten \u00fcber 300 Anfragen pro Monat!\u00bb<\/p>\n<p><strong>Eine einzigartige Technologie<\/strong><\/p>\n<p>Die Auftragsb\u00fccher von <strong>Kromatix<\/strong> sind zum Bersten voll. Das Freiburger Unternehmen ist in Romont, der Schweizer Hauptstadt der Glaskunst und Glasmalerei, ans\u00e4ssig. Es hat eine einzigartige Technologie entwickelt, mit der das Glas von Solarpanels ohne Verwendung von herk\u00f6mmlichen Farben oder Pigmenten durch Kathodenzerst\u00e4ubung eingef\u00e4rbt wird. Das Verfahren bietet den Vorteil, dass die volle Leistung der Solarzellen erhalten bleibt und das Glas zugleich altersbest\u00e4ndiger ist als vergleichbare Produkte. \u00abDie technischen Eigenschaften und die Integrationsm\u00f6glichkeiten unseres Produkts \u2013 wir k\u00f6nnen beispielsweise Dachziegel nachbilden \u2013 sind bei Architekten sehr beliebt und k\u00f6nnen auch bei denkmalgesch\u00fctzten Geb\u00e4uden eingesetzt werden\u00bb, sagt Rafic Hanbali, Gesch\u00e4ftsf\u00fchrer von Kromatix.<\/p>\n<p>Das von <strong>Groupe E<\/strong> angestossene Ausbildungsprogramm Solar Access ist das erste seiner Art in der Westschweiz. Es richtet sich an Personen, die sich neu orientieren oder sich im Bereich Fotovoltaik aus- oder weiterbilden m\u00f6chten. Ziel des Programms ist es, die Zahl der Mitarbeitenden im Bereich Fotovoltaik bei Groupe E bis 2025 zu verdoppeln. Denn ein ausreichendes Angebot an qualifizierten Arbeitskr\u00e4ften ist der Schl\u00fcssel f\u00fcr eine erfolgreiche Energiewende.[\/vc_column_text][vc_video link=&#8220;https:\/\/www.youtube.com\/watch?v=4ST4fOPkh-Q&#8220;][\/vc_column_inner][\/vc_row_inner][\/vc_column][\/vc_row]<\/p>\n<\/div>","protected":false},"excerpt":{"rendered":"<p>[vc_row el_class=&#8220;pt-0&#8243;][vc_column][vc_row_inner][vc_column_inner width=&#8220;2\/12&#8243;][\/vc_column_inner][vc_column_inner width=&#8220;10\/12&#8243;][\/vc_column_inner][\/vc_row_inner][\/vc_column][\/vc_row][vc_row el_class=&#8220;pt-0&#8243;][vc_column][vc_row_inner][vc_column_inner width=&#8220;2\/12&#8243;][\/vc_column_inner][vc_column_inner width=&#8220;10\/12&#8243;][vc_single_image image=&#8220;2515&#8243; img_size=&#8220;full&#8220;][vc_column_text]Architekten auf der ganzen Welt sind von der Technologie von Kromatix begeistert, ein Beispiel daf\u00fcr ist das Innovation Centre des Red River College in Winnipeg, Kanada.[\/vc_column_text][\/vc_column_inner][\/vc_row_inner][\/vc_column][\/vc_row][vc_row el_class=&#8220;pt-0&#8243;][vc_column][vc_row_inner][vc_column_inner width=&#8220;2\/12&#8243;][\/vc_column_inner][vc_column_inner width=&#8220;5\/12&#8243;][vc_column_text]Innovative Unternehmen, ein kreativer Geist und ein hohes Ausbildungsniveau: Die Fotovoltaik hat im Kanton Freiburg eine gl\u00e4nzende Zukunft. Soleol, [&hellip;]<\/p>\n","protected":false},"author":1,"featured_media":2517,"comment_status":"closed","ping_status":"closed","sticky":false,"template":"","format":"standard","meta":{"_acf_changed":false,"footnotes":""},"categories":[51,18],"tags":[],"class_list":["post-2521","post","type-post","status-publish","format-standard","hentry","category-bau","category-bioeconomie"],"acf":[],"yoast_head":"<!-- This site is optimized with the Yoast SEO plugin v26.9 - https:\/\/yoast.com\/product\/yoast-seo-wordpress\/ -->\n<title>FREIBURG EROBERT SICH EINEN PLATZ AN DER SONNE | fribourg.swiss<\/title>\n<meta name=\"robots\" content=\"index, follow, max-snippet:-1, max-image-preview:large, max-video-preview:-1\" \/>\n<link rel=\"canonical\" href=\"https:\/\/www.fribourg.swiss\/de\/freiburg-erobert-sich-einen-platz-an-der-sonne\/\" \/>\n<meta property=\"og:locale\" content=\"de_DE\" \/>\n<meta property=\"og:type\" content=\"article\" \/>\n<meta property=\"og:title\" content=\"FREIBURG EROBERT SICH EINEN PLATZ AN DER SONNE | fribourg.swiss\" \/>\n<meta property=\"og:description\" content=\"[vc_row el_class=&#8220;pt-0&#8243;][vc_column][vc_row_inner][vc_column_inner width=&#8220;2\/12&#8243;][\/vc_column_inner][vc_column_inner width=&#8220;10\/12&#8243;][\/vc_column_inner][\/vc_row_inner][\/vc_column][\/vc_row][vc_row el_class=&#8220;pt-0&#8243;][vc_column][vc_row_inner][vc_column_inner width=&#8220;2\/12&#8243;][\/vc_column_inner][vc_column_inner width=&#8220;10\/12&#8243;][vc_single_image image=&#8220;2515&#8243; img_size=&#8220;full&#8220;][vc_column_text]Architekten auf der ganzen Welt sind von der Technologie von Kromatix begeistert, ein Beispiel daf\u00fcr ist das Innovation Centre des Red River College in Winnipeg, Kanada.[\/vc_column_text][\/vc_column_inner][\/vc_row_inner][\/vc_column][\/vc_row][vc_row el_class=&#8220;pt-0&#8243;][vc_column][vc_row_inner][vc_column_inner width=&#8220;2\/12&#8243;][\/vc_column_inner][vc_column_inner width=&#8220;5\/12&#8243;][vc_column_text]Innovative Unternehmen, ein kreativer Geist und ein hohes Ausbildungsniveau: Die Fotovoltaik hat im Kanton Freiburg eine gl\u00e4nzende Zukunft. Soleol, [&hellip;]\" \/>\n<meta property=\"og:url\" content=\"https:\/\/www.fribourg.swiss\/de\/freiburg-erobert-sich-einen-platz-an-der-sonne\/\" \/>\n<meta property=\"og:site_name\" content=\"fribourg.swiss\" \/>\n<meta property=\"article:published_time\" content=\"2023-09-05T07:54:13+00:00\" \/>\n<meta property=\"article:modified_time\" content=\"2023-09-06T11:11:47+00:00\" \/>\n<meta property=\"og:image\" content=\"https:\/\/www.fribourg.swiss\/wp-content\/uploads\/2023\/09\/FNF-2023-Photovoltaique.jpg\" \/>\n\t<meta property=\"og:image:width\" content=\"2560\" \/>\n\t<meta property=\"og:image:height\" content=\"1441\" \/>\n\t<meta property=\"og:image:type\" content=\"image\/jpeg\" \/>\n<meta name=\"author\" content=\"admin\" \/>\n<meta name=\"twitter:card\" content=\"summary_large_image\" \/>\n<meta name=\"twitter:label1\" content=\"Verfasst von\" \/>\n\t<meta name=\"twitter:data1\" content=\"admin\" \/>\n\t<meta name=\"twitter:label2\" content=\"Gesch\u00e4tzte Lesezeit\" \/>\n\t<meta name=\"twitter:data2\" content=\"3\u00a0Minuten\" \/>\n<script type=\"application\/ld+json\" class=\"yoast-schema-graph\">{\"@context\":\"https:\/\/schema.org\",\"@graph\":[{\"@type\":\"Article\",\"@id\":\"https:\/\/www.fribourg.swiss\/de\/freiburg-erobert-sich-einen-platz-an-der-sonne\/#article\",\"isPartOf\":{\"@id\":\"https:\/\/www.fribourg.swiss\/de\/freiburg-erobert-sich-einen-platz-an-der-sonne\/\"},\"author\":{\"name\":\"admin\",\"@id\":\"https:\/\/www.fribourg.swiss\/de\/#\/schema\/person\/226f4a502830354007a9cd73ee48e0e0\"},\"headline\":\"FREIBURG EROBERT SICH EINEN PLATZ AN DER SONNE\",\"datePublished\":\"2023-09-05T07:54:13+00:00\",\"dateModified\":\"2023-09-06T11:11:47+00:00\",\"mainEntityOfPage\":{\"@id\":\"https:\/\/www.fribourg.swiss\/de\/freiburg-erobert-sich-einen-platz-an-der-sonne\/\"},\"wordCount\":637,\"publisher\":{\"@id\":\"https:\/\/www.fribourg.swiss\/de\/#organization\"},\"image\":{\"@id\":\"https:\/\/www.fribourg.swiss\/de\/freiburg-erobert-sich-einen-platz-an-der-sonne\/#primaryimage\"},\"thumbnailUrl\":\"https:\/\/www.fribourg.swiss\/wp-content\/uploads\/2023\/09\/FNF-2023-Photovoltaique.jpg\",\"articleSection\":[\"Bau\",\"Bio\u00e9conomie\"],\"inLanguage\":\"de\"},{\"@type\":\"WebPage\",\"@id\":\"https:\/\/www.fribourg.swiss\/de\/freiburg-erobert-sich-einen-platz-an-der-sonne\/\",\"url\":\"https:\/\/www.fribourg.swiss\/de\/freiburg-erobert-sich-einen-platz-an-der-sonne\/\",\"name\":\"FREIBURG EROBERT SICH EINEN PLATZ AN DER SONNE | fribourg.swiss\",\"isPartOf\":{\"@id\":\"https:\/\/www.fribourg.swiss\/de\/#website\"},\"primaryImageOfPage\":{\"@id\":\"https:\/\/www.fribourg.swiss\/de\/freiburg-erobert-sich-einen-platz-an-der-sonne\/#primaryimage\"},\"image\":{\"@id\":\"https:\/\/www.fribourg.swiss\/de\/freiburg-erobert-sich-einen-platz-an-der-sonne\/#primaryimage\"},\"thumbnailUrl\":\"https:\/\/www.fribourg.swiss\/wp-content\/uploads\/2023\/09\/FNF-2023-Photovoltaique.jpg\",\"datePublished\":\"2023-09-05T07:54:13+00:00\",\"dateModified\":\"2023-09-06T11:11:47+00:00\",\"breadcrumb\":{\"@id\":\"https:\/\/www.fribourg.swiss\/de\/freiburg-erobert-sich-einen-platz-an-der-sonne\/#breadcrumb\"},\"inLanguage\":\"de\",\"potentialAction\":[{\"@type\":\"ReadAction\",\"target\":[\"https:\/\/www.fribourg.swiss\/de\/freiburg-erobert-sich-einen-platz-an-der-sonne\/\"]}]},{\"@type\":\"ImageObject\",\"inLanguage\":\"de\",\"@id\":\"https:\/\/www.fribourg.swiss\/de\/freiburg-erobert-sich-einen-platz-an-der-sonne\/#primaryimage\",\"url\":\"https:\/\/www.fribourg.swiss\/wp-content\/uploads\/2023\/09\/FNF-2023-Photovoltaique.jpg\",\"contentUrl\":\"https:\/\/www.fribourg.swiss\/wp-content\/uploads\/2023\/09\/FNF-2023-Photovoltaique.jpg\",\"width\":2560,\"height\":1441},{\"@type\":\"BreadcrumbList\",\"@id\":\"https:\/\/www.fribourg.swiss\/de\/freiburg-erobert-sich-einen-platz-an-der-sonne\/#breadcrumb\",\"itemListElement\":[{\"@type\":\"ListItem\",\"position\":1,\"name\":\"Accueil\",\"item\":\"https:\/\/www.fribourg.swiss\/de\/\"},{\"@type\":\"ListItem\",\"position\":2,\"name\":\"FREIBURG EROBERT SICH EINEN PLATZ AN DER SONNE\"}]},{\"@type\":\"WebSite\",\"@id\":\"https:\/\/www.fribourg.swiss\/de\/#website\",\"url\":\"https:\/\/www.fribourg.swiss\/de\/\",\"name\":\"fribourg.swiss\",\"description\":\"The place to grow\",\"publisher\":{\"@id\":\"https:\/\/www.fribourg.swiss\/de\/#organization\"},\"potentialAction\":[{\"@type\":\"SearchAction\",\"target\":{\"@type\":\"EntryPoint\",\"urlTemplate\":\"https:\/\/www.fribourg.swiss\/de\/?s={search_term_string}\"},\"query-input\":{\"@type\":\"PropertyValueSpecification\",\"valueRequired\":true,\"valueName\":\"search_term_string\"}}],\"inLanguage\":\"de\"},{\"@type\":\"Organization\",\"@id\":\"https:\/\/www.fribourg.swiss\/de\/#organization\",\"name\":\"Fribourg Network Freiburg\",\"url\":\"https:\/\/www.fribourg.swiss\/de\/\",\"logo\":{\"@type\":\"ImageObject\",\"inLanguage\":\"de\",\"@id\":\"https:\/\/www.fribourg.swiss\/de\/#\/schema\/logo\/image\/\",\"url\":\"https:\/\/www.fribourgnetwork.ch\/wp-content\/uploads\/2022\/08\/logo.png\",\"contentUrl\":\"https:\/\/www.fribourgnetwork.ch\/wp-content\/uploads\/2022\/08\/logo.png\",\"width\":270,\"height\":140,\"caption\":\"Fribourg Network Freiburg\"},\"image\":{\"@id\":\"https:\/\/www.fribourg.swiss\/de\/#\/schema\/logo\/image\/\"}},{\"@type\":\"Person\",\"@id\":\"https:\/\/www.fribourg.swiss\/de\/#\/schema\/person\/226f4a502830354007a9cd73ee48e0e0\",\"name\":\"admin\",\"image\":{\"@type\":\"ImageObject\",\"inLanguage\":\"de\",\"@id\":\"https:\/\/www.fribourg.swiss\/de\/#\/schema\/person\/image\/\",\"url\":\"https:\/\/secure.gravatar.com\/avatar\/c3ac499a4889e1320f05a4ae092744c50a82953557bffb65b75e7594f0653ea9?s=96&d=mm&r=g\",\"contentUrl\":\"https:\/\/secure.gravatar.com\/avatar\/c3ac499a4889e1320f05a4ae092744c50a82953557bffb65b75e7594f0653ea9?s=96&d=mm&r=g\",\"caption\":\"admin\"},\"sameAs\":[\"http:\/\/localhost:7314\"]}]}<\/script>\n<!-- \/ Yoast SEO plugin. -->","yoast_head_json":{"title":"FREIBURG EROBERT SICH EINEN PLATZ AN DER SONNE | fribourg.swiss","robots":{"index":"index","follow":"follow","max-snippet":"max-snippet:-1","max-image-preview":"max-image-preview:large","max-video-preview":"max-video-preview:-1"},"canonical":"https:\/\/www.fribourg.swiss\/de\/freiburg-erobert-sich-einen-platz-an-der-sonne\/","og_locale":"de_DE","og_type":"article","og_title":"FREIBURG EROBERT SICH EINEN PLATZ AN DER SONNE | fribourg.swiss","og_description":"[vc_row el_class=&#8220;pt-0&#8243;][vc_column][vc_row_inner][vc_column_inner width=&#8220;2\/12&#8243;][\/vc_column_inner][vc_column_inner width=&#8220;10\/12&#8243;][\/vc_column_inner][\/vc_row_inner][\/vc_column][\/vc_row][vc_row el_class=&#8220;pt-0&#8243;][vc_column][vc_row_inner][vc_column_inner width=&#8220;2\/12&#8243;][\/vc_column_inner][vc_column_inner width=&#8220;10\/12&#8243;][vc_single_image image=&#8220;2515&#8243; img_size=&#8220;full&#8220;][vc_column_text]Architekten auf der ganzen Welt sind von der Technologie von Kromatix begeistert, ein Beispiel daf\u00fcr ist das Innovation Centre des Red River College in Winnipeg, Kanada.[\/vc_column_text][\/vc_column_inner][\/vc_row_inner][\/vc_column][\/vc_row][vc_row el_class=&#8220;pt-0&#8243;][vc_column][vc_row_inner][vc_column_inner width=&#8220;2\/12&#8243;][\/vc_column_inner][vc_column_inner width=&#8220;5\/12&#8243;][vc_column_text]Innovative Unternehmen, ein kreativer Geist und ein hohes Ausbildungsniveau: Die Fotovoltaik hat im Kanton Freiburg eine gl\u00e4nzende Zukunft. Soleol, [&hellip;]","og_url":"https:\/\/www.fribourg.swiss\/de\/freiburg-erobert-sich-einen-platz-an-der-sonne\/","og_site_name":"fribourg.swiss","article_published_time":"2023-09-05T07:54:13+00:00","article_modified_time":"2023-09-06T11:11:47+00:00","og_image":[{"width":2560,"height":1441,"url":"https:\/\/www.fribourg.swiss\/wp-content\/uploads\/2023\/09\/FNF-2023-Photovoltaique.jpg","type":"image\/jpeg"}],"author":"admin","twitter_card":"summary_large_image","twitter_misc":{"Verfasst von":"admin","Gesch\u00e4tzte Lesezeit":"3\u00a0Minuten"},"schema":{"@context":"https:\/\/schema.org","@graph":[{"@type":"Article","@id":"https:\/\/www.fribourg.swiss\/de\/freiburg-erobert-sich-einen-platz-an-der-sonne\/#article","isPartOf":{"@id":"https:\/\/www.fribourg.swiss\/de\/freiburg-erobert-sich-einen-platz-an-der-sonne\/"},"author":{"name":"admin","@id":"https:\/\/www.fribourg.swiss\/de\/#\/schema\/person\/226f4a502830354007a9cd73ee48e0e0"},"headline":"FREIBURG EROBERT SICH EINEN PLATZ AN DER SONNE","datePublished":"2023-09-05T07:54:13+00:00","dateModified":"2023-09-06T11:11:47+00:00","mainEntityOfPage":{"@id":"https:\/\/www.fribourg.swiss\/de\/freiburg-erobert-sich-einen-platz-an-der-sonne\/"},"wordCount":637,"publisher":{"@id":"https:\/\/www.fribourg.swiss\/de\/#organization"},"image":{"@id":"https:\/\/www.fribourg.swiss\/de\/freiburg-erobert-sich-einen-platz-an-der-sonne\/#primaryimage"},"thumbnailUrl":"https:\/\/www.fribourg.swiss\/wp-content\/uploads\/2023\/09\/FNF-2023-Photovoltaique.jpg","articleSection":["Bau","Bio\u00e9conomie"],"inLanguage":"de"},{"@type":"WebPage","@id":"https:\/\/www.fribourg.swiss\/de\/freiburg-erobert-sich-einen-platz-an-der-sonne\/","url":"https:\/\/www.fribourg.swiss\/de\/freiburg-erobert-sich-einen-platz-an-der-sonne\/","name":"FREIBURG EROBERT SICH EINEN PLATZ AN DER SONNE | fribourg.swiss","isPartOf":{"@id":"https:\/\/www.fribourg.swiss\/de\/#website"},"primaryImageOfPage":{"@id":"https:\/\/www.fribourg.swiss\/de\/freiburg-erobert-sich-einen-platz-an-der-sonne\/#primaryimage"},"image":{"@id":"https:\/\/www.fribourg.swiss\/de\/freiburg-erobert-sich-einen-platz-an-der-sonne\/#primaryimage"},"thumbnailUrl":"https:\/\/www.fribourg.swiss\/wp-content\/uploads\/2023\/09\/FNF-2023-Photovoltaique.jpg","datePublished":"2023-09-05T07:54:13+00:00","dateModified":"2023-09-06T11:11:47+00:00","breadcrumb":{"@id":"https:\/\/www.fribourg.swiss\/de\/freiburg-erobert-sich-einen-platz-an-der-sonne\/#breadcrumb"},"inLanguage":"de","potentialAction":[{"@type":"ReadAction","target":["https:\/\/www.fribourg.swiss\/de\/freiburg-erobert-sich-einen-platz-an-der-sonne\/"]}]},{"@type":"ImageObject","inLanguage":"de","@id":"https:\/\/www.fribourg.swiss\/de\/freiburg-erobert-sich-einen-platz-an-der-sonne\/#primaryimage","url":"https:\/\/www.fribourg.swiss\/wp-content\/uploads\/2023\/09\/FNF-2023-Photovoltaique.jpg","contentUrl":"https:\/\/www.fribourg.swiss\/wp-content\/uploads\/2023\/09\/FNF-2023-Photovoltaique.jpg","width":2560,"height":1441},{"@type":"BreadcrumbList","@id":"https:\/\/www.fribourg.swiss\/de\/freiburg-erobert-sich-einen-platz-an-der-sonne\/#breadcrumb","itemListElement":[{"@type":"ListItem","position":1,"name":"Accueil","item":"https:\/\/www.fribourg.swiss\/de\/"},{"@type":"ListItem","position":2,"name":"FREIBURG EROBERT SICH EINEN PLATZ AN DER SONNE"}]},{"@type":"WebSite","@id":"https:\/\/www.fribourg.swiss\/de\/#website","url":"https:\/\/www.fribourg.swiss\/de\/","name":"fribourg.swiss","description":"The place to grow","publisher":{"@id":"https:\/\/www.fribourg.swiss\/de\/#organization"},"potentialAction":[{"@type":"SearchAction","target":{"@type":"EntryPoint","urlTemplate":"https:\/\/www.fribourg.swiss\/de\/?s={search_term_string}"},"query-input":{"@type":"PropertyValueSpecification","valueRequired":true,"valueName":"search_term_string"}}],"inLanguage":"de"},{"@type":"Organization","@id":"https:\/\/www.fribourg.swiss\/de\/#organization","name":"Fribourg Network Freiburg","url":"https:\/\/www.fribourg.swiss\/de\/","logo":{"@type":"ImageObject","inLanguage":"de","@id":"https:\/\/www.fribourg.swiss\/de\/#\/schema\/logo\/image\/","url":"https:\/\/www.fribourgnetwork.ch\/wp-content\/uploads\/2022\/08\/logo.png","contentUrl":"https:\/\/www.fribourgnetwork.ch\/wp-content\/uploads\/2022\/08\/logo.png","width":270,"height":140,"caption":"Fribourg Network Freiburg"},"image":{"@id":"https:\/\/www.fribourg.swiss\/de\/#\/schema\/logo\/image\/"}},{"@type":"Person","@id":"https:\/\/www.fribourg.swiss\/de\/#\/schema\/person\/226f4a502830354007a9cd73ee48e0e0","name":"admin","image":{"@type":"ImageObject","inLanguage":"de","@id":"https:\/\/www.fribourg.swiss\/de\/#\/schema\/person\/image\/","url":"https:\/\/secure.gravatar.com\/avatar\/c3ac499a4889e1320f05a4ae092744c50a82953557bffb65b75e7594f0653ea9?s=96&d=mm&r=g","contentUrl":"https:\/\/secure.gravatar.com\/avatar\/c3ac499a4889e1320f05a4ae092744c50a82953557bffb65b75e7594f0653ea9?s=96&d=mm&r=g","caption":"admin"},"sameAs":["http:\/\/localhost:7314"]}]}},"_links":{"self":[{"href":"https:\/\/www.fribourg.swiss\/de\/wp-json\/wp\/v2\/posts\/2521","targetHints":{"allow":["GET"]}}],"collection":[{"href":"https:\/\/www.fribourg.swiss\/de\/wp-json\/wp\/v2\/posts"}],"about":[{"href":"https:\/\/www.fribourg.swiss\/de\/wp-json\/wp\/v2\/types\/post"}],"author":[{"embeddable":true,"href":"https:\/\/www.fribourg.swiss\/de\/wp-json\/wp\/v2\/users\/1"}],"replies":[{"embeddable":true,"href":"https:\/\/www.fribourg.swiss\/de\/wp-json\/wp\/v2\/comments?post=2521"}],"version-history":[{"count":1,"href":"https:\/\/www.fribourg.swiss\/de\/wp-json\/wp\/v2\/posts\/2521\/revisions"}],"predecessor-version":[{"id":2522,"href":"https:\/\/www.fribourg.swiss\/de\/wp-json\/wp\/v2\/posts\/2521\/revisions\/2522"}],"wp:featuredmedia":[{"embeddable":true,"href":"https:\/\/www.fribourg.swiss\/de\/wp-json\/wp\/v2\/media\/2517"}],"wp:attachment":[{"href":"https:\/\/www.fribourg.swiss\/de\/wp-json\/wp\/v2\/media?parent=2521"}],"wp:term":[{"taxonomy":"category","embeddable":true,"href":"https:\/\/www.fribourg.swiss\/de\/wp-json\/wp\/v2\/categories?post=2521"},{"taxonomy":"post_tag","embeddable":true,"href":"https:\/\/www.fribourg.swiss\/de\/wp-json\/wp\/v2\/tags?post=2521"}],"curies":[{"name":"wp","href":"https:\/\/api.w.org\/{rel}","templated":true}]}}