{"id":1478,"date":"2022-08-17T09:08:23","date_gmt":"2022-08-17T07:08:23","guid":{"rendered":"http:\/\/www.fribourgnetwork.ch\/lultra-personnalisable-devenu-realite\/"},"modified":"2022-08-31T15:22:29","modified_gmt":"2022-08-31T13:22:29","slug":"der-individuellen-gestaltung-sind-keine-grenzen-mehr-gesetzt","status":"publish","type":"post","link":"https:\/\/www.fribourg.swiss\/de\/der-individuellen-gestaltung-sind-keine-grenzen-mehr-gesetzt\/","title":{"rendered":"DER INDIVIDUELLEN GESTALTUNG SIND KEINE GRENZEN MEHR GESETZT"},"content":{"rendered":"<div class=\"wpb-content-wrapper\"><p>[vc_row el_class=&#8220;pt-0&#8243;][vc_column][vc_row_inner][vc_column_inner width=&#8220;2\/12&#8243;][\/vc_column_inner][vc_column_inner width=&#8220;10\/12&#8243;]<div class=\"titre article\">DER INDIVIDUELLEN GESTALTUNG SIND KEINE GRENZEN MEHR GESETZT<\/div><div class=\"sous-titre\">POLYTYPE | <span class=\"date\">01.09.2022<\/span><\/div>[\/vc_column_inner][\/vc_row_inner][\/vc_column][\/vc_row][vc_row el_class=&#8220;pt-0&#8243;][vc_column][vc_row_inner][vc_column_inner width=&#8220;2\/12&#8243;][\/vc_column_inner][vc_column_inner width=&#8220;10\/12&#8243;][vc_single_image image=&#8220;1239&#8243; img_size=&#8220;full&#8220;][vc_column_text]<\/p>\n<p class=\"legende\">Mit dem Digitaldrucksystem DigiCup von Polytype sind den individuellen Gestaltungsm\u00f6glichkeiten keine gestalterischen und finanziellen Grenzen mehr gesetzt.<\/p>\n<p>[\/vc_column_text][\/vc_column_inner][\/vc_row_inner][\/vc_column][\/vc_row][vc_row el_class=&#8220;pt-0&#8243;][vc_column][vc_row_inner][vc_column_inner width=&#8220;2\/12&#8243;][\/vc_column_inner][vc_column_inner width=&#8220;5\/12&#8243;][vc_column_text]<strong>Was haben die Zuschauerinnen und Zuschauer eines Profi-Baseballspiels in Mexiko, die Teilnehmenden eines Amateur-Radrennens in Belgien und die G\u00e4ste einer Neujahrsfeier eines s\u00fcdafrikanischen KMU gemeinsam? Sie alle halten wahrscheinlich einen Becher oder eine Trinkflasche in der Hand, die mit einer von Polytype hergestellten Maschine individuell gestaltet wurden. <\/strong>[\/vc_column_text]<div class='row'><div class='col-lg-12 module-buttons desktop'><a href='https:\/\/www.polytype.com' class='button' target='_blank'>www.polytype.com<\/a><br \/><\/div><\/div>[\/vc_column_inner][vc_column_inner width=&#8220;5\/12&#8243;][vc_column_text]\u00abWir exportieren unser Digitaldrucksystem DigiCup in die ganze Welt\u00bb, sagt Florian F\u00e4ssler, Head of R&amp;D Digital Technologies beim Freiburger Unternehmen, das weltweit f\u00fchrend im Direktdruck auf Verpackungen ist. Laut ihm ist DigiCup vor allem in den USA gefragt, \u00abda dort individuell gestaltete Becher in der Sportindustrie der Renner sind\u00bb.<\/p>\n<p>\u00abFr\u00fcher erfolgten die Druckprozesse mechanisch und es dauerte mehrere Wochen, um eine Verpackung zu bedrucken\u00bb, erz\u00e4hlt Florian F\u00e4ssler. Es waren folglich grosse Produktmengen erforderlich, damit ein Projekt rentabel war. Vor rund zehn Jahren revolutionierte Polytype seine Gesch\u00e4ftspraktiken, indem es auf den Digitaldruck umstieg. Diese Technologie ist nicht nur viel schneller, sondern erm\u00f6glicht es auch, eine sehr geringe Menge an Beh\u00e4ltern ohne zus\u00e4tzliche Kosten zu bedrucken. \u00abEs lohnt sich sogar f\u00fcr eine einzige Trinkflasche oder einen einzigen Becher \u2013 der individuellen Gestaltung sind keine Grenzen mehr gesetzt!\u00bb<\/p>\n<p><strong>Wirtschaftlich und \u00f6kologisch<\/strong><\/p>\n<p>\u00abMit unseren Maschinen helfen wir unseren Kundinnen und Kunden, ihre gesamte Produktionskette zu digitalisieren\u00bb, sagt Florian F\u00e4ssler. Laut ihm ist die vollst\u00e4ndig digitalisierte Maschine beispielsweise in der Lage, Versandetiketten zu generieren. Der digitale Verpackungsdruck hat aber noch weitere Vorteile. \u00abEr passt perfekt zum \u00f6kologischen Bewusstsein der heutigen Konsumgesellschaft, in der wiederverwendbare Verpackungen immer selbstverst\u00e4ndlicher werden.\u00bb Indem nur kleine, genau auf die Bed\u00fcrfnisse der Kundinnen und Kunden abgestimmte Mengen produziert werden, wird zudem auch Abfall vermieden. Da der Verpackungsmarkt \u00e4usserst volatil ist und sich die Trends in Bezug auf Motive und Farben rasch \u00e4ndern, wird die bedruckte Ware nur allzu oft zum Ladenh\u00fcter.<\/p>\n<p>Der Clou von DigiCup: \u00abDank einer enormen Verk\u00fcrzung der Produktionszeit ist es nun auch f\u00fcr ein kleines Unternehmen, das individuell gestaltete Beh\u00e4lter verkauft, m\u00f6glich, im Segment des E-Commerce wettbewerbsf\u00e4hig zu sein.\u00bb Befl\u00fcgelt von diesem Erfolg sucht Polytype derzeit nach neuen Anwendungsm\u00f6glichkeiten f\u00fcr seine Technologie, u.a. Silikonkartuschen f\u00fcr die Bauindustrie oder Kapseln f\u00fcr Weinflaschen.[\/vc_column_text][\/vc_column_inner][\/vc_row_inner][\/vc_column][\/vc_row]<\/p>\n<\/div>","protected":false},"excerpt":{"rendered":"<p>[vc_row el_class=&#8220;pt-0&#8243;][vc_column][vc_row_inner][vc_column_inner width=&#8220;2\/12&#8243;][\/vc_column_inner][vc_column_inner width=&#8220;10\/12&#8243;][\/vc_column_inner][\/vc_row_inner][\/vc_column][\/vc_row][vc_row el_class=&#8220;pt-0&#8243;][vc_column][vc_row_inner][vc_column_inner width=&#8220;2\/12&#8243;][\/vc_column_inner][vc_column_inner width=&#8220;10\/12&#8243;][vc_single_image image=&#8220;1239&#8243; img_size=&#8220;full&#8220;][vc_column_text] Mit dem Digitaldrucksystem DigiCup von Polytype sind den individuellen Gestaltungsm\u00f6glichkeiten keine gestalterischen und finanziellen Grenzen mehr gesetzt. [\/vc_column_text][\/vc_column_inner][\/vc_row_inner][\/vc_column][\/vc_row][vc_row el_class=&#8220;pt-0&#8243;][vc_column][vc_row_inner][vc_column_inner width=&#8220;2\/12&#8243;][\/vc_column_inner][vc_column_inner width=&#8220;5\/12&#8243;][vc_column_text]Was haben die Zuschauerinnen und Zuschauer eines Profi-Baseballspiels in Mexiko, die Teilnehmenden eines Amateur-Radrennens in Belgien und die G\u00e4ste einer Neujahrsfeier eines s\u00fcdafrikanischen KMU gemeinsam? Sie [&hellip;]<\/p>\n","protected":false},"author":1,"featured_media":1241,"comment_status":"closed","ping_status":"closed","sticky":false,"template":"","format":"standard","meta":{"_acf_changed":false,"footnotes":""},"categories":[26,36],"tags":[],"class_list":["post-1478","post","type-post","status-publish","format-standard","hentry","category-industry-4-0-de","category-techtransfer-de"],"acf":[],"yoast_head":"<!-- This site is optimized with the Yoast SEO plugin v26.9 - https:\/\/yoast.com\/product\/yoast-seo-wordpress\/ -->\n<title>DER INDIVIDUELLEN GESTALTUNG SIND KEINE GRENZEN MEHR GESETZT | fribourg.swiss<\/title>\n<meta name=\"robots\" content=\"index, follow, max-snippet:-1, max-image-preview:large, max-video-preview:-1\" \/>\n<link rel=\"canonical\" href=\"https:\/\/www.fribourg.swiss\/de\/der-individuellen-gestaltung-sind-keine-grenzen-mehr-gesetzt\/\" \/>\n<meta property=\"og:locale\" content=\"de_DE\" \/>\n<meta property=\"og:type\" content=\"article\" \/>\n<meta property=\"og:title\" content=\"DER INDIVIDUELLEN GESTALTUNG SIND KEINE GRENZEN MEHR GESETZT | fribourg.swiss\" \/>\n<meta property=\"og:description\" content=\"[vc_row el_class=&#8220;pt-0&#8243;][vc_column][vc_row_inner][vc_column_inner width=&#8220;2\/12&#8243;][\/vc_column_inner][vc_column_inner width=&#8220;10\/12&#8243;][\/vc_column_inner][\/vc_row_inner][\/vc_column][\/vc_row][vc_row el_class=&#8220;pt-0&#8243;][vc_column][vc_row_inner][vc_column_inner width=&#8220;2\/12&#8243;][\/vc_column_inner][vc_column_inner width=&#8220;10\/12&#8243;][vc_single_image image=&#8220;1239&#8243; img_size=&#8220;full&#8220;][vc_column_text] Mit dem Digitaldrucksystem DigiCup von Polytype sind den individuellen Gestaltungsm\u00f6glichkeiten keine gestalterischen und finanziellen Grenzen mehr gesetzt. [\/vc_column_text][\/vc_column_inner][\/vc_row_inner][\/vc_column][\/vc_row][vc_row el_class=&#8220;pt-0&#8243;][vc_column][vc_row_inner][vc_column_inner width=&#8220;2\/12&#8243;][\/vc_column_inner][vc_column_inner width=&#8220;5\/12&#8243;][vc_column_text]Was haben die Zuschauerinnen und Zuschauer eines Profi-Baseballspiels in Mexiko, die Teilnehmenden eines Amateur-Radrennens in Belgien und die G\u00e4ste einer Neujahrsfeier eines s\u00fcdafrikanischen KMU gemeinsam? Sie [&hellip;]\" \/>\n<meta property=\"og:url\" content=\"https:\/\/www.fribourg.swiss\/de\/der-individuellen-gestaltung-sind-keine-grenzen-mehr-gesetzt\/\" \/>\n<meta property=\"og:site_name\" content=\"fribourg.swiss\" \/>\n<meta property=\"article:published_time\" content=\"2022-08-17T07:08:23+00:00\" \/>\n<meta property=\"article:modified_time\" content=\"2022-08-31T13:22:29+00:00\" \/>\n<meta property=\"og:image\" content=\"https:\/\/www.fribourg.swiss\/wp-content\/uploads\/2022\/08\/FNF-2022-Polytype.jpg\" \/>\n\t<meta property=\"og:image:width\" content=\"1080\" \/>\n\t<meta property=\"og:image:height\" content=\"720\" \/>\n\t<meta property=\"og:image:type\" content=\"image\/jpeg\" \/>\n<meta name=\"author\" content=\"admin\" \/>\n<meta name=\"twitter:card\" content=\"summary_large_image\" \/>\n<meta name=\"twitter:label1\" content=\"Verfasst von\" \/>\n\t<meta name=\"twitter:data1\" content=\"admin\" \/>\n\t<meta name=\"twitter:label2\" content=\"Gesch\u00e4tzte Lesezeit\" \/>\n\t<meta name=\"twitter:data2\" content=\"2\u00a0Minuten\" \/>\n<script type=\"application\/ld+json\" class=\"yoast-schema-graph\">{\"@context\":\"https:\/\/schema.org\",\"@graph\":[{\"@type\":\"Article\",\"@id\":\"https:\/\/www.fribourg.swiss\/de\/der-individuellen-gestaltung-sind-keine-grenzen-mehr-gesetzt\/#article\",\"isPartOf\":{\"@id\":\"https:\/\/www.fribourg.swiss\/de\/der-individuellen-gestaltung-sind-keine-grenzen-mehr-gesetzt\/\"},\"author\":{\"name\":\"admin\",\"@id\":\"https:\/\/www.fribourg.swiss\/de\/#\/schema\/person\/226f4a502830354007a9cd73ee48e0e0\"},\"headline\":\"DER INDIVIDUELLEN GESTALTUNG SIND KEINE GRENZEN MEHR GESETZT\",\"datePublished\":\"2022-08-17T07:08:23+00:00\",\"dateModified\":\"2022-08-31T13:22:29+00:00\",\"mainEntityOfPage\":{\"@id\":\"https:\/\/www.fribourg.swiss\/de\/der-individuellen-gestaltung-sind-keine-grenzen-mehr-gesetzt\/\"},\"wordCount\":550,\"publisher\":{\"@id\":\"https:\/\/www.fribourg.swiss\/de\/#organization\"},\"image\":{\"@id\":\"https:\/\/www.fribourg.swiss\/de\/der-individuellen-gestaltung-sind-keine-grenzen-mehr-gesetzt\/#primaryimage\"},\"thumbnailUrl\":\"https:\/\/www.fribourg.swiss\/wp-content\/uploads\/2022\/08\/FNF-2022-Polytype.jpg\",\"articleSection\":[\"Industrie 4.0\",\"Tech Transfer\"],\"inLanguage\":\"de\"},{\"@type\":\"WebPage\",\"@id\":\"https:\/\/www.fribourg.swiss\/de\/der-individuellen-gestaltung-sind-keine-grenzen-mehr-gesetzt\/\",\"url\":\"https:\/\/www.fribourg.swiss\/de\/der-individuellen-gestaltung-sind-keine-grenzen-mehr-gesetzt\/\",\"name\":\"DER INDIVIDUELLEN GESTALTUNG SIND KEINE GRENZEN MEHR GESETZT | fribourg.swiss\",\"isPartOf\":{\"@id\":\"https:\/\/www.fribourg.swiss\/de\/#website\"},\"primaryImageOfPage\":{\"@id\":\"https:\/\/www.fribourg.swiss\/de\/der-individuellen-gestaltung-sind-keine-grenzen-mehr-gesetzt\/#primaryimage\"},\"image\":{\"@id\":\"https:\/\/www.fribourg.swiss\/de\/der-individuellen-gestaltung-sind-keine-grenzen-mehr-gesetzt\/#primaryimage\"},\"thumbnailUrl\":\"https:\/\/www.fribourg.swiss\/wp-content\/uploads\/2022\/08\/FNF-2022-Polytype.jpg\",\"datePublished\":\"2022-08-17T07:08:23+00:00\",\"dateModified\":\"2022-08-31T13:22:29+00:00\",\"breadcrumb\":{\"@id\":\"https:\/\/www.fribourg.swiss\/de\/der-individuellen-gestaltung-sind-keine-grenzen-mehr-gesetzt\/#breadcrumb\"},\"inLanguage\":\"de\",\"potentialAction\":[{\"@type\":\"ReadAction\",\"target\":[\"https:\/\/www.fribourg.swiss\/de\/der-individuellen-gestaltung-sind-keine-grenzen-mehr-gesetzt\/\"]}]},{\"@type\":\"ImageObject\",\"inLanguage\":\"de\",\"@id\":\"https:\/\/www.fribourg.swiss\/de\/der-individuellen-gestaltung-sind-keine-grenzen-mehr-gesetzt\/#primaryimage\",\"url\":\"https:\/\/www.fribourg.swiss\/wp-content\/uploads\/2022\/08\/FNF-2022-Polytype.jpg\",\"contentUrl\":\"https:\/\/www.fribourg.swiss\/wp-content\/uploads\/2022\/08\/FNF-2022-Polytype.jpg\",\"width\":1080,\"height\":720,\"caption\":\"Drink Water From Bottle. Woman Drinking After Running And Listening Music. Beautiful Athletic Girl In Bright Sports Clothing And Headphones Resting After Fitness Workout On Street. High Quality\"},{\"@type\":\"BreadcrumbList\",\"@id\":\"https:\/\/www.fribourg.swiss\/de\/der-individuellen-gestaltung-sind-keine-grenzen-mehr-gesetzt\/#breadcrumb\",\"itemListElement\":[{\"@type\":\"ListItem\",\"position\":1,\"name\":\"Accueil\",\"item\":\"https:\/\/www.fribourg.swiss\/de\/\"},{\"@type\":\"ListItem\",\"position\":2,\"name\":\"DER INDIVIDUELLEN GESTALTUNG SIND KEINE GRENZEN MEHR GESETZT\"}]},{\"@type\":\"WebSite\",\"@id\":\"https:\/\/www.fribourg.swiss\/de\/#website\",\"url\":\"https:\/\/www.fribourg.swiss\/de\/\",\"name\":\"fribourg.swiss\",\"description\":\"The place to grow\",\"publisher\":{\"@id\":\"https:\/\/www.fribourg.swiss\/de\/#organization\"},\"potentialAction\":[{\"@type\":\"SearchAction\",\"target\":{\"@type\":\"EntryPoint\",\"urlTemplate\":\"https:\/\/www.fribourg.swiss\/de\/?s={search_term_string}\"},\"query-input\":{\"@type\":\"PropertyValueSpecification\",\"valueRequired\":true,\"valueName\":\"search_term_string\"}}],\"inLanguage\":\"de\"},{\"@type\":\"Organization\",\"@id\":\"https:\/\/www.fribourg.swiss\/de\/#organization\",\"name\":\"Fribourg Network Freiburg\",\"url\":\"https:\/\/www.fribourg.swiss\/de\/\",\"logo\":{\"@type\":\"ImageObject\",\"inLanguage\":\"de\",\"@id\":\"https:\/\/www.fribourg.swiss\/de\/#\/schema\/logo\/image\/\",\"url\":\"https:\/\/www.fribourgnetwork.ch\/wp-content\/uploads\/2022\/08\/logo.png\",\"contentUrl\":\"https:\/\/www.fribourgnetwork.ch\/wp-content\/uploads\/2022\/08\/logo.png\",\"width\":270,\"height\":140,\"caption\":\"Fribourg Network Freiburg\"},\"image\":{\"@id\":\"https:\/\/www.fribourg.swiss\/de\/#\/schema\/logo\/image\/\"}},{\"@type\":\"Person\",\"@id\":\"https:\/\/www.fribourg.swiss\/de\/#\/schema\/person\/226f4a502830354007a9cd73ee48e0e0\",\"name\":\"admin\",\"image\":{\"@type\":\"ImageObject\",\"inLanguage\":\"de\",\"@id\":\"https:\/\/www.fribourg.swiss\/de\/#\/schema\/person\/image\/\",\"url\":\"https:\/\/secure.gravatar.com\/avatar\/c3ac499a4889e1320f05a4ae092744c50a82953557bffb65b75e7594f0653ea9?s=96&d=mm&r=g\",\"contentUrl\":\"https:\/\/secure.gravatar.com\/avatar\/c3ac499a4889e1320f05a4ae092744c50a82953557bffb65b75e7594f0653ea9?s=96&d=mm&r=g\",\"caption\":\"admin\"},\"sameAs\":[\"http:\/\/localhost:7314\"]}]}<\/script>\n<!-- \/ Yoast SEO plugin. -->","yoast_head_json":{"title":"DER INDIVIDUELLEN GESTALTUNG SIND KEINE GRENZEN MEHR GESETZT | fribourg.swiss","robots":{"index":"index","follow":"follow","max-snippet":"max-snippet:-1","max-image-preview":"max-image-preview:large","max-video-preview":"max-video-preview:-1"},"canonical":"https:\/\/www.fribourg.swiss\/de\/der-individuellen-gestaltung-sind-keine-grenzen-mehr-gesetzt\/","og_locale":"de_DE","og_type":"article","og_title":"DER INDIVIDUELLEN GESTALTUNG SIND KEINE GRENZEN MEHR GESETZT | fribourg.swiss","og_description":"[vc_row el_class=&#8220;pt-0&#8243;][vc_column][vc_row_inner][vc_column_inner width=&#8220;2\/12&#8243;][\/vc_column_inner][vc_column_inner width=&#8220;10\/12&#8243;][\/vc_column_inner][\/vc_row_inner][\/vc_column][\/vc_row][vc_row el_class=&#8220;pt-0&#8243;][vc_column][vc_row_inner][vc_column_inner width=&#8220;2\/12&#8243;][\/vc_column_inner][vc_column_inner width=&#8220;10\/12&#8243;][vc_single_image image=&#8220;1239&#8243; img_size=&#8220;full&#8220;][vc_column_text] Mit dem Digitaldrucksystem DigiCup von Polytype sind den individuellen Gestaltungsm\u00f6glichkeiten keine gestalterischen und finanziellen Grenzen mehr gesetzt. [\/vc_column_text][\/vc_column_inner][\/vc_row_inner][\/vc_column][\/vc_row][vc_row el_class=&#8220;pt-0&#8243;][vc_column][vc_row_inner][vc_column_inner width=&#8220;2\/12&#8243;][\/vc_column_inner][vc_column_inner width=&#8220;5\/12&#8243;][vc_column_text]Was haben die Zuschauerinnen und Zuschauer eines Profi-Baseballspiels in Mexiko, die Teilnehmenden eines Amateur-Radrennens in Belgien und die G\u00e4ste einer Neujahrsfeier eines s\u00fcdafrikanischen KMU gemeinsam? Sie [&hellip;]","og_url":"https:\/\/www.fribourg.swiss\/de\/der-individuellen-gestaltung-sind-keine-grenzen-mehr-gesetzt\/","og_site_name":"fribourg.swiss","article_published_time":"2022-08-17T07:08:23+00:00","article_modified_time":"2022-08-31T13:22:29+00:00","og_image":[{"width":1080,"height":720,"url":"https:\/\/www.fribourg.swiss\/wp-content\/uploads\/2022\/08\/FNF-2022-Polytype.jpg","type":"image\/jpeg"}],"author":"admin","twitter_card":"summary_large_image","twitter_misc":{"Verfasst von":"admin","Gesch\u00e4tzte Lesezeit":"2\u00a0Minuten"},"schema":{"@context":"https:\/\/schema.org","@graph":[{"@type":"Article","@id":"https:\/\/www.fribourg.swiss\/de\/der-individuellen-gestaltung-sind-keine-grenzen-mehr-gesetzt\/#article","isPartOf":{"@id":"https:\/\/www.fribourg.swiss\/de\/der-individuellen-gestaltung-sind-keine-grenzen-mehr-gesetzt\/"},"author":{"name":"admin","@id":"https:\/\/www.fribourg.swiss\/de\/#\/schema\/person\/226f4a502830354007a9cd73ee48e0e0"},"headline":"DER INDIVIDUELLEN GESTALTUNG SIND KEINE GRENZEN MEHR GESETZT","datePublished":"2022-08-17T07:08:23+00:00","dateModified":"2022-08-31T13:22:29+00:00","mainEntityOfPage":{"@id":"https:\/\/www.fribourg.swiss\/de\/der-individuellen-gestaltung-sind-keine-grenzen-mehr-gesetzt\/"},"wordCount":550,"publisher":{"@id":"https:\/\/www.fribourg.swiss\/de\/#organization"},"image":{"@id":"https:\/\/www.fribourg.swiss\/de\/der-individuellen-gestaltung-sind-keine-grenzen-mehr-gesetzt\/#primaryimage"},"thumbnailUrl":"https:\/\/www.fribourg.swiss\/wp-content\/uploads\/2022\/08\/FNF-2022-Polytype.jpg","articleSection":["Industrie 4.0","Tech Transfer"],"inLanguage":"de"},{"@type":"WebPage","@id":"https:\/\/www.fribourg.swiss\/de\/der-individuellen-gestaltung-sind-keine-grenzen-mehr-gesetzt\/","url":"https:\/\/www.fribourg.swiss\/de\/der-individuellen-gestaltung-sind-keine-grenzen-mehr-gesetzt\/","name":"DER INDIVIDUELLEN GESTALTUNG SIND KEINE GRENZEN MEHR GESETZT | fribourg.swiss","isPartOf":{"@id":"https:\/\/www.fribourg.swiss\/de\/#website"},"primaryImageOfPage":{"@id":"https:\/\/www.fribourg.swiss\/de\/der-individuellen-gestaltung-sind-keine-grenzen-mehr-gesetzt\/#primaryimage"},"image":{"@id":"https:\/\/www.fribourg.swiss\/de\/der-individuellen-gestaltung-sind-keine-grenzen-mehr-gesetzt\/#primaryimage"},"thumbnailUrl":"https:\/\/www.fribourg.swiss\/wp-content\/uploads\/2022\/08\/FNF-2022-Polytype.jpg","datePublished":"2022-08-17T07:08:23+00:00","dateModified":"2022-08-31T13:22:29+00:00","breadcrumb":{"@id":"https:\/\/www.fribourg.swiss\/de\/der-individuellen-gestaltung-sind-keine-grenzen-mehr-gesetzt\/#breadcrumb"},"inLanguage":"de","potentialAction":[{"@type":"ReadAction","target":["https:\/\/www.fribourg.swiss\/de\/der-individuellen-gestaltung-sind-keine-grenzen-mehr-gesetzt\/"]}]},{"@type":"ImageObject","inLanguage":"de","@id":"https:\/\/www.fribourg.swiss\/de\/der-individuellen-gestaltung-sind-keine-grenzen-mehr-gesetzt\/#primaryimage","url":"https:\/\/www.fribourg.swiss\/wp-content\/uploads\/2022\/08\/FNF-2022-Polytype.jpg","contentUrl":"https:\/\/www.fribourg.swiss\/wp-content\/uploads\/2022\/08\/FNF-2022-Polytype.jpg","width":1080,"height":720,"caption":"Drink Water From Bottle. Woman Drinking After Running And Listening Music. Beautiful Athletic Girl In Bright Sports Clothing And Headphones Resting After Fitness Workout On Street. High Quality"},{"@type":"BreadcrumbList","@id":"https:\/\/www.fribourg.swiss\/de\/der-individuellen-gestaltung-sind-keine-grenzen-mehr-gesetzt\/#breadcrumb","itemListElement":[{"@type":"ListItem","position":1,"name":"Accueil","item":"https:\/\/www.fribourg.swiss\/de\/"},{"@type":"ListItem","position":2,"name":"DER INDIVIDUELLEN GESTALTUNG SIND KEINE GRENZEN MEHR GESETZT"}]},{"@type":"WebSite","@id":"https:\/\/www.fribourg.swiss\/de\/#website","url":"https:\/\/www.fribourg.swiss\/de\/","name":"fribourg.swiss","description":"The place to grow","publisher":{"@id":"https:\/\/www.fribourg.swiss\/de\/#organization"},"potentialAction":[{"@type":"SearchAction","target":{"@type":"EntryPoint","urlTemplate":"https:\/\/www.fribourg.swiss\/de\/?s={search_term_string}"},"query-input":{"@type":"PropertyValueSpecification","valueRequired":true,"valueName":"search_term_string"}}],"inLanguage":"de"},{"@type":"Organization","@id":"https:\/\/www.fribourg.swiss\/de\/#organization","name":"Fribourg Network Freiburg","url":"https:\/\/www.fribourg.swiss\/de\/","logo":{"@type":"ImageObject","inLanguage":"de","@id":"https:\/\/www.fribourg.swiss\/de\/#\/schema\/logo\/image\/","url":"https:\/\/www.fribourgnetwork.ch\/wp-content\/uploads\/2022\/08\/logo.png","contentUrl":"https:\/\/www.fribourgnetwork.ch\/wp-content\/uploads\/2022\/08\/logo.png","width":270,"height":140,"caption":"Fribourg Network Freiburg"},"image":{"@id":"https:\/\/www.fribourg.swiss\/de\/#\/schema\/logo\/image\/"}},{"@type":"Person","@id":"https:\/\/www.fribourg.swiss\/de\/#\/schema\/person\/226f4a502830354007a9cd73ee48e0e0","name":"admin","image":{"@type":"ImageObject","inLanguage":"de","@id":"https:\/\/www.fribourg.swiss\/de\/#\/schema\/person\/image\/","url":"https:\/\/secure.gravatar.com\/avatar\/c3ac499a4889e1320f05a4ae092744c50a82953557bffb65b75e7594f0653ea9?s=96&d=mm&r=g","contentUrl":"https:\/\/secure.gravatar.com\/avatar\/c3ac499a4889e1320f05a4ae092744c50a82953557bffb65b75e7594f0653ea9?s=96&d=mm&r=g","caption":"admin"},"sameAs":["http:\/\/localhost:7314"]}]}},"_links":{"self":[{"href":"https:\/\/www.fribourg.swiss\/de\/wp-json\/wp\/v2\/posts\/1478","targetHints":{"allow":["GET"]}}],"collection":[{"href":"https:\/\/www.fribourg.swiss\/de\/wp-json\/wp\/v2\/posts"}],"about":[{"href":"https:\/\/www.fribourg.swiss\/de\/wp-json\/wp\/v2\/types\/post"}],"author":[{"embeddable":true,"href":"https:\/\/www.fribourg.swiss\/de\/wp-json\/wp\/v2\/users\/1"}],"replies":[{"embeddable":true,"href":"https:\/\/www.fribourg.swiss\/de\/wp-json\/wp\/v2\/comments?post=1478"}],"version-history":[{"count":3,"href":"https:\/\/www.fribourg.swiss\/de\/wp-json\/wp\/v2\/posts\/1478\/revisions"}],"predecessor-version":[{"id":2046,"href":"https:\/\/www.fribourg.swiss\/de\/wp-json\/wp\/v2\/posts\/1478\/revisions\/2046"}],"wp:featuredmedia":[{"embeddable":true,"href":"https:\/\/www.fribourg.swiss\/de\/wp-json\/wp\/v2\/media\/1241"}],"wp:attachment":[{"href":"https:\/\/www.fribourg.swiss\/de\/wp-json\/wp\/v2\/media?parent=1478"}],"wp:term":[{"taxonomy":"category","embeddable":true,"href":"https:\/\/www.fribourg.swiss\/de\/wp-json\/wp\/v2\/categories?post=1478"},{"taxonomy":"post_tag","embeddable":true,"href":"https:\/\/www.fribourg.swiss\/de\/wp-json\/wp\/v2\/tags?post=1478"}],"curies":[{"name":"wp","href":"https:\/\/api.w.org\/{rel}","templated":true}]}}