{"id":1089,"date":"2021-09-02T16:55:55","date_gmt":"2021-09-02T14:55:55","guid":{"rendered":"http:\/\/www.fribourgnetwork.ch\/un-modele-dagilite-et-de-modularite\/"},"modified":"2022-08-16T16:59:48","modified_gmt":"2022-08-16T14:59:48","slug":"agilitaet-und-modularitaet-gehen-hand-in-hand","status":"publish","type":"post","link":"https:\/\/www.fribourg.swiss\/de\/agilitaet-und-modularitaet-gehen-hand-in-hand\/","title":{"rendered":"AGILIT\u00c4T UND MODULARIT\u00c4T GEHEN HAND IN HAND"},"content":{"rendered":"<div class=\"wpb-content-wrapper\"><p>[vc_row el_class=&#8220;pt-0&#8243;][vc_column][vc_row_inner][vc_column_inner width=&#8220;2\/12&#8243;][\/vc_column_inner][vc_column_inner width=&#8220;10\/12&#8243;]<div class=\"titre article\">AGILIT\u00c4T UND MODULARIT\u00c4T GEHEN HAND IN HAND<\/div><div class=\"sous-titre\">VIFOR PHARMA | <span class=\"date\">02.09.2021<\/span><\/div>[\/vc_column_inner][\/vc_row_inner][\/vc_column][\/vc_row][vc_row el_class=&#8220;pt-0&#8243;][vc_column][vc_row_inner][vc_column_inner width=&#8220;2\/12&#8243;][\/vc_column_inner][vc_column_inner width=&#8220;10\/12&#8243;][vc_single_image image=&#8220;1084&#8243; img_size=&#8220;full&#8220;][vc_column_text]Foto : Die neue Produktionseinheit von Vifor Pharma (hier noch im Bau) wird ab Januar 2022 stufenweise in Betrieb genommen und ab 2023 voll funktionsf\u00e4hig sein.[\/vc_column_text][\/vc_column_inner][\/vc_row_inner][\/vc_column][\/vc_row][vc_row el_class=&#8220;pt-0&#8243;][vc_column][vc_row_inner][vc_column_inner width=&#8220;2\/12&#8243;][\/vc_column_inner][vc_column_inner width=&#8220;5\/12&#8243;][vc_column_text]<strong>\u00abDieser Neubau ist das Ergebnis einer bemerkenswerten Zusammenarbeit zwischen Vifor Pharma, dem Biofactory Competence Center (BCC) und der Wirtschaftsf\u00f6rderung Kanton Freiburg.\u00bb Yvan Liard, Leiter des Freiburger Standorts von Vifor Pharma, lobt die Effizienz, mit der das ambiti\u00f6se Erweiterungsprojekt durchgef\u00fchrt werden konnte. \u00abWir sind sehr dankbar f\u00fcr die fantastische Zusammenarbeit in den letzten zwei Jahren. Neben der vorhandenen Infrastruktur und dem wertvollen Know-how, \u00fcber das wir hier bereits verf\u00fcgen, war die uneingeschr\u00e4nkte Unterst\u00fctzung der hiesigen Beh\u00f6rden ein wichtiger Faktor f\u00fcr unseren Entscheid, uns in Freiburg weiterzuentwickeln.\u00bb<\/strong>[\/vc_column_text]<div class='row'><div class='col-lg-12 module-buttons desktop'><a href='https:\/\/www.viforpharma.com' class='button' target='_blank'>www.viforpharma.com<\/a><br \/><\/div><\/div>[\/vc_column_inner][vc_column_inner width=&#8220;5\/12&#8243;][vc_column_text]Als eines der weltweit f\u00fchrenden Unternehmen im Bereich der Eisenmangel-Therapie und der Behandlung von Nierenleiden konnte Vifor Pharma auch auf das technische Fachwissen des BCC z\u00e4hlen. \u00abUnsere neue Anlage, die es uns erm\u00f6glicht, unsere Produktionslinien auf die Medikamententypologie zu spezialisieren, wird vollst\u00e4ndig modular aufgebaut sein und den h\u00f6chsten Anforderungen in Sachen Agilit\u00e4t gen\u00fcgen. Dieses ausgekl\u00fcgelte modulare Konzept ist das Werk des BCC\u00bb, erkl\u00e4rt Yvan Liard.<\/p>\n<p><strong>Ein gro\u00dfer Teil der Produktion wird exportiert<\/strong><\/p>\n<p>Damit kann Vifor Pharma auf die wachsende internationale Nachfrage reagieren. \u00abEin gro\u00dfer Teil unseres Produktionsvolumens ist f\u00fcr den Export bestimmt, vor allem in die Europ\u00e4ische Union und in die USA. In letzter Zeit sind jedoch neue L\u00e4nder hinzugekommen, wie beispielsweise Brasilien, S\u00fcdkorea, die T\u00fcrkei und Russland. Zudem ist ein baldiger Eintritt in den chinesischen Markt geplant\u00bb, sagt Yvan Liard.<\/p>\n<p>Die Vifor Pharma Gruppe ist an der Schweizer B\u00f6rse kotiert und besch\u00e4ftigt weltweit rund 2400 Mitarbeitenden, davon die H\u00e4lfte in der Schweiz. 2020 erzielte das Unternehmen einen Umsatz von 1,71 Milliarden Schweizer Franken und ein Betriebsergebnis (EBITDA) von 576 Millionen Franken.[\/vc_column_text][\/vc_column_inner][\/vc_row_inner][\/vc_column][\/vc_row]<\/p>\n<\/div>","protected":false},"excerpt":{"rendered":"<p>[vc_row el_class=&#8220;pt-0&#8243;][vc_column][vc_row_inner][vc_column_inner width=&#8220;2\/12&#8243;][\/vc_column_inner][vc_column_inner width=&#8220;10\/12&#8243;][\/vc_column_inner][\/vc_row_inner][\/vc_column][\/vc_row][vc_row el_class=&#8220;pt-0&#8243;][vc_column][vc_row_inner][vc_column_inner width=&#8220;2\/12&#8243;][\/vc_column_inner][vc_column_inner width=&#8220;10\/12&#8243;][vc_single_image image=&#8220;1084&#8243; img_size=&#8220;full&#8220;][vc_column_text]Foto : Die neue Produktionseinheit von Vifor Pharma (hier noch im Bau) wird ab Januar 2022 stufenweise in Betrieb genommen und ab 2023 voll funktionsf\u00e4hig sein.[\/vc_column_text][\/vc_column_inner][\/vc_row_inner][\/vc_column][\/vc_row][vc_row el_class=&#8220;pt-0&#8243;][vc_column][vc_row_inner][vc_column_inner width=&#8220;2\/12&#8243;][\/vc_column_inner][vc_column_inner width=&#8220;5\/12&#8243;][vc_column_text]\u00abDieser Neubau ist das Ergebnis einer bemerkenswerten Zusammenarbeit zwischen Vifor Pharma, dem Biofactory Competence Center (BCC) und der Wirtschaftsf\u00f6rderung [&hellip;]<\/p>\n","protected":false},"author":1,"featured_media":1086,"comment_status":"closed","ping_status":"closed","sticky":false,"template":"","format":"standard","meta":{"_acf_changed":false,"footnotes":""},"categories":[36,21,26],"tags":[],"class_list":["post-1089","post","type-post","status-publish","format-standard","hentry","category-techtransfer-de","category-biowirtschaft","category-industry-4-0-de"],"acf":[],"yoast_head":"<!-- This site is optimized with the Yoast SEO plugin v26.9 - https:\/\/yoast.com\/product\/yoast-seo-wordpress\/ -->\n<title>AGILIT\u00c4T UND MODULARIT\u00c4T GEHEN HAND IN HAND | fribourg.swiss<\/title>\n<meta name=\"robots\" content=\"index, follow, max-snippet:-1, max-image-preview:large, max-video-preview:-1\" \/>\n<link rel=\"canonical\" href=\"https:\/\/www.fribourg.swiss\/de\/agilitaet-und-modularitaet-gehen-hand-in-hand\/\" \/>\n<meta property=\"og:locale\" content=\"de_DE\" \/>\n<meta property=\"og:type\" content=\"article\" \/>\n<meta property=\"og:title\" content=\"AGILIT\u00c4T UND MODULARIT\u00c4T GEHEN HAND IN HAND | fribourg.swiss\" \/>\n<meta property=\"og:description\" content=\"[vc_row el_class=&#8220;pt-0&#8243;][vc_column][vc_row_inner][vc_column_inner width=&#8220;2\/12&#8243;][\/vc_column_inner][vc_column_inner width=&#8220;10\/12&#8243;][\/vc_column_inner][\/vc_row_inner][\/vc_column][\/vc_row][vc_row el_class=&#8220;pt-0&#8243;][vc_column][vc_row_inner][vc_column_inner width=&#8220;2\/12&#8243;][\/vc_column_inner][vc_column_inner width=&#8220;10\/12&#8243;][vc_single_image image=&#8220;1084&#8243; img_size=&#8220;full&#8220;][vc_column_text]Foto : Die neue Produktionseinheit von Vifor Pharma (hier noch im Bau) wird ab Januar 2022 stufenweise in Betrieb genommen und ab 2023 voll funktionsf\u00e4hig sein.[\/vc_column_text][\/vc_column_inner][\/vc_row_inner][\/vc_column][\/vc_row][vc_row el_class=&#8220;pt-0&#8243;][vc_column][vc_row_inner][vc_column_inner width=&#8220;2\/12&#8243;][\/vc_column_inner][vc_column_inner width=&#8220;5\/12&#8243;][vc_column_text]\u00abDieser Neubau ist das Ergebnis einer bemerkenswerten Zusammenarbeit zwischen Vifor Pharma, dem Biofactory Competence Center (BCC) und der Wirtschaftsf\u00f6rderung [&hellip;]\" \/>\n<meta property=\"og:url\" content=\"https:\/\/www.fribourg.swiss\/de\/agilitaet-und-modularitaet-gehen-hand-in-hand\/\" \/>\n<meta property=\"og:site_name\" content=\"fribourg.swiss\" \/>\n<meta property=\"article:published_time\" content=\"2021-09-02T14:55:55+00:00\" \/>\n<meta property=\"article:modified_time\" content=\"2022-08-16T14:59:48+00:00\" \/>\n<meta property=\"og:image\" content=\"https:\/\/www.fribourg.swiss\/wp-content\/uploads\/2022\/08\/UN-MODELE-DAGILITE-ET-DE-MODULARITE.jpg\" \/>\n\t<meta property=\"og:image:width\" content=\"800\" \/>\n\t<meta property=\"og:image:height\" content=\"534\" \/>\n\t<meta property=\"og:image:type\" content=\"image\/jpeg\" \/>\n<meta name=\"author\" content=\"admin\" \/>\n<meta name=\"twitter:card\" content=\"summary_large_image\" \/>\n<meta name=\"twitter:label1\" content=\"Verfasst von\" \/>\n\t<meta name=\"twitter:data1\" content=\"admin\" \/>\n\t<meta name=\"twitter:label2\" content=\"Gesch\u00e4tzte Lesezeit\" \/>\n\t<meta name=\"twitter:data2\" content=\"2\u00a0Minuten\" \/>\n<script type=\"application\/ld+json\" class=\"yoast-schema-graph\">{\"@context\":\"https:\/\/schema.org\",\"@graph\":[{\"@type\":\"Article\",\"@id\":\"https:\/\/www.fribourg.swiss\/de\/agilitaet-und-modularitaet-gehen-hand-in-hand\/#article\",\"isPartOf\":{\"@id\":\"https:\/\/www.fribourg.swiss\/de\/agilitaet-und-modularitaet-gehen-hand-in-hand\/\"},\"author\":{\"name\":\"admin\",\"@id\":\"https:\/\/www.fribourg.swiss\/de\/#\/schema\/person\/226f4a502830354007a9cd73ee48e0e0\"},\"headline\":\"AGILIT\u00c4T UND MODULARIT\u00c4T GEHEN HAND IN HAND\",\"datePublished\":\"2021-09-02T14:55:55+00:00\",\"dateModified\":\"2022-08-16T14:59:48+00:00\",\"mainEntityOfPage\":{\"@id\":\"https:\/\/www.fribourg.swiss\/de\/agilitaet-und-modularitaet-gehen-hand-in-hand\/\"},\"wordCount\":469,\"publisher\":{\"@id\":\"https:\/\/www.fribourg.swiss\/de\/#organization\"},\"image\":{\"@id\":\"https:\/\/www.fribourg.swiss\/de\/agilitaet-und-modularitaet-gehen-hand-in-hand\/#primaryimage\"},\"thumbnailUrl\":\"https:\/\/www.fribourg.swiss\/wp-content\/uploads\/2022\/08\/UN-MODELE-DAGILITE-ET-DE-MODULARITE.jpg\",\"articleSection\":[\"Tech Transfer\",\"Biowirtschaft\",\"Industrie 4.0\"],\"inLanguage\":\"de\"},{\"@type\":\"WebPage\",\"@id\":\"https:\/\/www.fribourg.swiss\/de\/agilitaet-und-modularitaet-gehen-hand-in-hand\/\",\"url\":\"https:\/\/www.fribourg.swiss\/de\/agilitaet-und-modularitaet-gehen-hand-in-hand\/\",\"name\":\"AGILIT\u00c4T UND MODULARIT\u00c4T GEHEN HAND IN HAND | fribourg.swiss\",\"isPartOf\":{\"@id\":\"https:\/\/www.fribourg.swiss\/de\/#website\"},\"primaryImageOfPage\":{\"@id\":\"https:\/\/www.fribourg.swiss\/de\/agilitaet-und-modularitaet-gehen-hand-in-hand\/#primaryimage\"},\"image\":{\"@id\":\"https:\/\/www.fribourg.swiss\/de\/agilitaet-und-modularitaet-gehen-hand-in-hand\/#primaryimage\"},\"thumbnailUrl\":\"https:\/\/www.fribourg.swiss\/wp-content\/uploads\/2022\/08\/UN-MODELE-DAGILITE-ET-DE-MODULARITE.jpg\",\"datePublished\":\"2021-09-02T14:55:55+00:00\",\"dateModified\":\"2022-08-16T14:59:48+00:00\",\"breadcrumb\":{\"@id\":\"https:\/\/www.fribourg.swiss\/de\/agilitaet-und-modularitaet-gehen-hand-in-hand\/#breadcrumb\"},\"inLanguage\":\"de\",\"potentialAction\":[{\"@type\":\"ReadAction\",\"target\":[\"https:\/\/www.fribourg.swiss\/de\/agilitaet-und-modularitaet-gehen-hand-in-hand\/\"]}]},{\"@type\":\"ImageObject\",\"inLanguage\":\"de\",\"@id\":\"https:\/\/www.fribourg.swiss\/de\/agilitaet-und-modularitaet-gehen-hand-in-hand\/#primaryimage\",\"url\":\"https:\/\/www.fribourg.swiss\/wp-content\/uploads\/2022\/08\/UN-MODELE-DAGILITE-ET-DE-MODULARITE.jpg\",\"contentUrl\":\"https:\/\/www.fribourg.swiss\/wp-content\/uploads\/2022\/08\/UN-MODELE-DAGILITE-ET-DE-MODULARITE.jpg\",\"width\":800,\"height\":534},{\"@type\":\"BreadcrumbList\",\"@id\":\"https:\/\/www.fribourg.swiss\/de\/agilitaet-und-modularitaet-gehen-hand-in-hand\/#breadcrumb\",\"itemListElement\":[{\"@type\":\"ListItem\",\"position\":1,\"name\":\"Accueil\",\"item\":\"https:\/\/www.fribourg.swiss\/de\/\"},{\"@type\":\"ListItem\",\"position\":2,\"name\":\"AGILIT\u00c4T UND MODULARIT\u00c4T GEHEN HAND IN HAND\"}]},{\"@type\":\"WebSite\",\"@id\":\"https:\/\/www.fribourg.swiss\/de\/#website\",\"url\":\"https:\/\/www.fribourg.swiss\/de\/\",\"name\":\"fribourg.swiss\",\"description\":\"The place to grow\",\"publisher\":{\"@id\":\"https:\/\/www.fribourg.swiss\/de\/#organization\"},\"potentialAction\":[{\"@type\":\"SearchAction\",\"target\":{\"@type\":\"EntryPoint\",\"urlTemplate\":\"https:\/\/www.fribourg.swiss\/de\/?s={search_term_string}\"},\"query-input\":{\"@type\":\"PropertyValueSpecification\",\"valueRequired\":true,\"valueName\":\"search_term_string\"}}],\"inLanguage\":\"de\"},{\"@type\":\"Organization\",\"@id\":\"https:\/\/www.fribourg.swiss\/de\/#organization\",\"name\":\"Fribourg Network Freiburg\",\"url\":\"https:\/\/www.fribourg.swiss\/de\/\",\"logo\":{\"@type\":\"ImageObject\",\"inLanguage\":\"de\",\"@id\":\"https:\/\/www.fribourg.swiss\/de\/#\/schema\/logo\/image\/\",\"url\":\"https:\/\/www.fribourgnetwork.ch\/wp-content\/uploads\/2022\/08\/logo.png\",\"contentUrl\":\"https:\/\/www.fribourgnetwork.ch\/wp-content\/uploads\/2022\/08\/logo.png\",\"width\":270,\"height\":140,\"caption\":\"Fribourg Network Freiburg\"},\"image\":{\"@id\":\"https:\/\/www.fribourg.swiss\/de\/#\/schema\/logo\/image\/\"}},{\"@type\":\"Person\",\"@id\":\"https:\/\/www.fribourg.swiss\/de\/#\/schema\/person\/226f4a502830354007a9cd73ee48e0e0\",\"name\":\"admin\",\"image\":{\"@type\":\"ImageObject\",\"inLanguage\":\"de\",\"@id\":\"https:\/\/www.fribourg.swiss\/de\/#\/schema\/person\/image\/\",\"url\":\"https:\/\/secure.gravatar.com\/avatar\/c3ac499a4889e1320f05a4ae092744c50a82953557bffb65b75e7594f0653ea9?s=96&d=mm&r=g\",\"contentUrl\":\"https:\/\/secure.gravatar.com\/avatar\/c3ac499a4889e1320f05a4ae092744c50a82953557bffb65b75e7594f0653ea9?s=96&d=mm&r=g\",\"caption\":\"admin\"},\"sameAs\":[\"http:\/\/localhost:7314\"]}]}<\/script>\n<!-- \/ Yoast SEO plugin. -->","yoast_head_json":{"title":"AGILIT\u00c4T UND MODULARIT\u00c4T GEHEN HAND IN HAND | fribourg.swiss","robots":{"index":"index","follow":"follow","max-snippet":"max-snippet:-1","max-image-preview":"max-image-preview:large","max-video-preview":"max-video-preview:-1"},"canonical":"https:\/\/www.fribourg.swiss\/de\/agilitaet-und-modularitaet-gehen-hand-in-hand\/","og_locale":"de_DE","og_type":"article","og_title":"AGILIT\u00c4T UND MODULARIT\u00c4T GEHEN HAND IN HAND | fribourg.swiss","og_description":"[vc_row el_class=&#8220;pt-0&#8243;][vc_column][vc_row_inner][vc_column_inner width=&#8220;2\/12&#8243;][\/vc_column_inner][vc_column_inner width=&#8220;10\/12&#8243;][\/vc_column_inner][\/vc_row_inner][\/vc_column][\/vc_row][vc_row el_class=&#8220;pt-0&#8243;][vc_column][vc_row_inner][vc_column_inner width=&#8220;2\/12&#8243;][\/vc_column_inner][vc_column_inner width=&#8220;10\/12&#8243;][vc_single_image image=&#8220;1084&#8243; img_size=&#8220;full&#8220;][vc_column_text]Foto : Die neue Produktionseinheit von Vifor Pharma (hier noch im Bau) wird ab Januar 2022 stufenweise in Betrieb genommen und ab 2023 voll funktionsf\u00e4hig sein.[\/vc_column_text][\/vc_column_inner][\/vc_row_inner][\/vc_column][\/vc_row][vc_row el_class=&#8220;pt-0&#8243;][vc_column][vc_row_inner][vc_column_inner width=&#8220;2\/12&#8243;][\/vc_column_inner][vc_column_inner width=&#8220;5\/12&#8243;][vc_column_text]\u00abDieser Neubau ist das Ergebnis einer bemerkenswerten Zusammenarbeit zwischen Vifor Pharma, dem Biofactory Competence Center (BCC) und der Wirtschaftsf\u00f6rderung [&hellip;]","og_url":"https:\/\/www.fribourg.swiss\/de\/agilitaet-und-modularitaet-gehen-hand-in-hand\/","og_site_name":"fribourg.swiss","article_published_time":"2021-09-02T14:55:55+00:00","article_modified_time":"2022-08-16T14:59:48+00:00","og_image":[{"width":800,"height":534,"url":"https:\/\/www.fribourg.swiss\/wp-content\/uploads\/2022\/08\/UN-MODELE-DAGILITE-ET-DE-MODULARITE.jpg","type":"image\/jpeg"}],"author":"admin","twitter_card":"summary_large_image","twitter_misc":{"Verfasst von":"admin","Gesch\u00e4tzte Lesezeit":"2\u00a0Minuten"},"schema":{"@context":"https:\/\/schema.org","@graph":[{"@type":"Article","@id":"https:\/\/www.fribourg.swiss\/de\/agilitaet-und-modularitaet-gehen-hand-in-hand\/#article","isPartOf":{"@id":"https:\/\/www.fribourg.swiss\/de\/agilitaet-und-modularitaet-gehen-hand-in-hand\/"},"author":{"name":"admin","@id":"https:\/\/www.fribourg.swiss\/de\/#\/schema\/person\/226f4a502830354007a9cd73ee48e0e0"},"headline":"AGILIT\u00c4T UND MODULARIT\u00c4T GEHEN HAND IN HAND","datePublished":"2021-09-02T14:55:55+00:00","dateModified":"2022-08-16T14:59:48+00:00","mainEntityOfPage":{"@id":"https:\/\/www.fribourg.swiss\/de\/agilitaet-und-modularitaet-gehen-hand-in-hand\/"},"wordCount":469,"publisher":{"@id":"https:\/\/www.fribourg.swiss\/de\/#organization"},"image":{"@id":"https:\/\/www.fribourg.swiss\/de\/agilitaet-und-modularitaet-gehen-hand-in-hand\/#primaryimage"},"thumbnailUrl":"https:\/\/www.fribourg.swiss\/wp-content\/uploads\/2022\/08\/UN-MODELE-DAGILITE-ET-DE-MODULARITE.jpg","articleSection":["Tech Transfer","Biowirtschaft","Industrie 4.0"],"inLanguage":"de"},{"@type":"WebPage","@id":"https:\/\/www.fribourg.swiss\/de\/agilitaet-und-modularitaet-gehen-hand-in-hand\/","url":"https:\/\/www.fribourg.swiss\/de\/agilitaet-und-modularitaet-gehen-hand-in-hand\/","name":"AGILIT\u00c4T UND MODULARIT\u00c4T GEHEN HAND IN HAND | fribourg.swiss","isPartOf":{"@id":"https:\/\/www.fribourg.swiss\/de\/#website"},"primaryImageOfPage":{"@id":"https:\/\/www.fribourg.swiss\/de\/agilitaet-und-modularitaet-gehen-hand-in-hand\/#primaryimage"},"image":{"@id":"https:\/\/www.fribourg.swiss\/de\/agilitaet-und-modularitaet-gehen-hand-in-hand\/#primaryimage"},"thumbnailUrl":"https:\/\/www.fribourg.swiss\/wp-content\/uploads\/2022\/08\/UN-MODELE-DAGILITE-ET-DE-MODULARITE.jpg","datePublished":"2021-09-02T14:55:55+00:00","dateModified":"2022-08-16T14:59:48+00:00","breadcrumb":{"@id":"https:\/\/www.fribourg.swiss\/de\/agilitaet-und-modularitaet-gehen-hand-in-hand\/#breadcrumb"},"inLanguage":"de","potentialAction":[{"@type":"ReadAction","target":["https:\/\/www.fribourg.swiss\/de\/agilitaet-und-modularitaet-gehen-hand-in-hand\/"]}]},{"@type":"ImageObject","inLanguage":"de","@id":"https:\/\/www.fribourg.swiss\/de\/agilitaet-und-modularitaet-gehen-hand-in-hand\/#primaryimage","url":"https:\/\/www.fribourg.swiss\/wp-content\/uploads\/2022\/08\/UN-MODELE-DAGILITE-ET-DE-MODULARITE.jpg","contentUrl":"https:\/\/www.fribourg.swiss\/wp-content\/uploads\/2022\/08\/UN-MODELE-DAGILITE-ET-DE-MODULARITE.jpg","width":800,"height":534},{"@type":"BreadcrumbList","@id":"https:\/\/www.fribourg.swiss\/de\/agilitaet-und-modularitaet-gehen-hand-in-hand\/#breadcrumb","itemListElement":[{"@type":"ListItem","position":1,"name":"Accueil","item":"https:\/\/www.fribourg.swiss\/de\/"},{"@type":"ListItem","position":2,"name":"AGILIT\u00c4T UND MODULARIT\u00c4T GEHEN HAND IN HAND"}]},{"@type":"WebSite","@id":"https:\/\/www.fribourg.swiss\/de\/#website","url":"https:\/\/www.fribourg.swiss\/de\/","name":"fribourg.swiss","description":"The place to grow","publisher":{"@id":"https:\/\/www.fribourg.swiss\/de\/#organization"},"potentialAction":[{"@type":"SearchAction","target":{"@type":"EntryPoint","urlTemplate":"https:\/\/www.fribourg.swiss\/de\/?s={search_term_string}"},"query-input":{"@type":"PropertyValueSpecification","valueRequired":true,"valueName":"search_term_string"}}],"inLanguage":"de"},{"@type":"Organization","@id":"https:\/\/www.fribourg.swiss\/de\/#organization","name":"Fribourg Network Freiburg","url":"https:\/\/www.fribourg.swiss\/de\/","logo":{"@type":"ImageObject","inLanguage":"de","@id":"https:\/\/www.fribourg.swiss\/de\/#\/schema\/logo\/image\/","url":"https:\/\/www.fribourgnetwork.ch\/wp-content\/uploads\/2022\/08\/logo.png","contentUrl":"https:\/\/www.fribourgnetwork.ch\/wp-content\/uploads\/2022\/08\/logo.png","width":270,"height":140,"caption":"Fribourg Network Freiburg"},"image":{"@id":"https:\/\/www.fribourg.swiss\/de\/#\/schema\/logo\/image\/"}},{"@type":"Person","@id":"https:\/\/www.fribourg.swiss\/de\/#\/schema\/person\/226f4a502830354007a9cd73ee48e0e0","name":"admin","image":{"@type":"ImageObject","inLanguage":"de","@id":"https:\/\/www.fribourg.swiss\/de\/#\/schema\/person\/image\/","url":"https:\/\/secure.gravatar.com\/avatar\/c3ac499a4889e1320f05a4ae092744c50a82953557bffb65b75e7594f0653ea9?s=96&d=mm&r=g","contentUrl":"https:\/\/secure.gravatar.com\/avatar\/c3ac499a4889e1320f05a4ae092744c50a82953557bffb65b75e7594f0653ea9?s=96&d=mm&r=g","caption":"admin"},"sameAs":["http:\/\/localhost:7314"]}]}},"_links":{"self":[{"href":"https:\/\/www.fribourg.swiss\/de\/wp-json\/wp\/v2\/posts\/1089","targetHints":{"allow":["GET"]}}],"collection":[{"href":"https:\/\/www.fribourg.swiss\/de\/wp-json\/wp\/v2\/posts"}],"about":[{"href":"https:\/\/www.fribourg.swiss\/de\/wp-json\/wp\/v2\/types\/post"}],"author":[{"embeddable":true,"href":"https:\/\/www.fribourg.swiss\/de\/wp-json\/wp\/v2\/users\/1"}],"replies":[{"embeddable":true,"href":"https:\/\/www.fribourg.swiss\/de\/wp-json\/wp\/v2\/comments?post=1089"}],"version-history":[{"count":2,"href":"https:\/\/www.fribourg.swiss\/de\/wp-json\/wp\/v2\/posts\/1089\/revisions"}],"predecessor-version":[{"id":1091,"href":"https:\/\/www.fribourg.swiss\/de\/wp-json\/wp\/v2\/posts\/1089\/revisions\/1091"}],"wp:featuredmedia":[{"embeddable":true,"href":"https:\/\/www.fribourg.swiss\/de\/wp-json\/wp\/v2\/media\/1086"}],"wp:attachment":[{"href":"https:\/\/www.fribourg.swiss\/de\/wp-json\/wp\/v2\/media?parent=1089"}],"wp:term":[{"taxonomy":"category","embeddable":true,"href":"https:\/\/www.fribourg.swiss\/de\/wp-json\/wp\/v2\/categories?post=1089"},{"taxonomy":"post_tag","embeddable":true,"href":"https:\/\/www.fribourg.swiss\/de\/wp-json\/wp\/v2\/tags?post=1089"}],"curies":[{"name":"wp","href":"https:\/\/api.w.org\/{rel}","templated":true}]}}